{"id":11560,"date":"2026-03-15T23:44:10","date_gmt":"2026-03-15T22:44:10","guid":{"rendered":"https:\/\/blogs.elcomercio.es\/largo_de_cafe\/?p=11560"},"modified":"2026-03-15T23:44:10","modified_gmt":"2026-03-15T22:44:10","slug":"escudo-social-agujereado","status":"publish","type":"post","link":"https:\/\/blogs.elcomercio.es\/largo_de_cafe\/2026\/03\/15\/escudo-social-agujereado\/","title":{"rendered":"ESCUDO SOCIAL AGUJEREADO"},"content":{"rendered":"\n<p>La Dependencia es la prestaci\u00f3n m\u00e1s importante de los servicios sociales por el objetivo que plantea, \u00ablas personas que no pueden atenderse por s\u00ed mismas ser\u00e1n atendidas por las Administraciones p\u00fablicas\u00bb, por las personas que se benefician, 1,7 millones de ciudadanos, y por el volumen de recursos que moviliza, 12.843 millones en el a\u00f1o 2024, con las regiones aportando el 72,9%. Su implantaci\u00f3n fue el mayor avance social de la democracia espa\u00f1ola en este siglo.<\/p>\n\n\n\n<p>En los dict\u00e1menes del Observatorio de la Dependencia (un ente creado por directores y gerentes de servicios sociales), Asturias casi siempre sali\u00f3 mal parada. Un caso extra\u00f1o, ya que los gobiernos socialistas siempre presumieron de las envidiables prestaciones del Estado del Bienestar asturiano. Oyendo sus discursos, daba la sensaci\u00f3n de que en cuestiones sociales hab\u00eda una Espa\u00f1a de dos velocidades, con nuestra regi\u00f3n liderando el primer grupo.<\/p>\n\n\n\n<p>Al ser sometidos todos los territorios a un examen anual, nos encontramos con que solo aprobamos en tres ocasiones. El Observatorio de la Dependencia acaba de publicar las notas del ejercicio de 2025 y Asturias obtuvo un 4,5. Un nuevo suspenso. En esta ocasi\u00f3n yo creo que el tribunal fue muy benevolente, como veremos, luego, al entrar en detalle. Frente al estereotipo de que las prestaciones sociales son patrimonio de pa\u00edses o regiones ricas, nos encontramos con que en la Dependencia las notas m\u00e1s altas se las llevan, una vez m\u00e1s, Castilla-La Mancha (8,3), Castilla y Le\u00f3n (7,5), Andaluc\u00eda (6,8) y Galicia (6,8). Para hacer pol\u00edtica social, para ayudar a los m\u00e1s vulnerables, por encima de la riqueza cuenta la voluntad pol\u00edtica.<\/p>\n\n\n\n<p><strong>Singular<\/strong><br>Desde la perspectiva de la Dependencia, este a\u00f1o fue singular en Asturias, porque sucedi\u00f3 un hecho extraordinario al tratar de introducir una nueva herramienta digital en el sistema. Con ella se iba a implantar la Historia Social \u00danica Electr\u00f3nica (HSUC). La consejera, Marta del Arco, dijo que era un mandato legal introducir la herramienta, que aportar\u00eda agilidad\u2026La realidad fue otra. Sin formar al personal y sin plan de contingencias, tras tres ensayos, empez\u00f3 la migraci\u00f3n de datos de los servicios municipales, el Instituto Nacional de la Seguridad Social y la Consejer\u00eda de Derechos Sociales a la nueva herramienta. Pronto se empez\u00f3 a ver que los expedientes estaban duplicados. Pod\u00edan estar afectados hasta 200.000 registros. Fallaba todo. Hubo una parada t\u00e9cnica de agosto a octubre. Un absoluto desastre.<\/p>\n\n\n\n<p>El Principado no se inmut\u00f3. No pasa nada. Tocaba cesar a la consejera, Marta del Arco, pero como el presidente ya ces\u00f3 en este mandato a Melania \u00c1lvarez (Servicios Sociales), Nieves Roque\u00f1\u00ed (Transici\u00f3n Ecol\u00f3gica) y Belarmina D\u00edaz (Industria), ya tiene cubierta la cuota de fracasos. Adem\u00e1s, ya es mala suerte, todas mujeres.<\/p>\n\n\n\n<p><strong>Subcontratar<\/strong><br>El \u00faltimo invento de la consejera para salir del marasmo es subcontratar el trabajo de la Dependencia a los ayuntamientos. Los funcionarios municipales har\u00e1n las valoraciones y determinar\u00e1n qu\u00e9 prestaci\u00f3n es la m\u00e1s adecuada. Todo por 190 euros cada expediente. Marta del Arco dice que har\u00e1n un trabajo complementario, \u00aben ning\u00fan caso sustituir\u00e1n la actividad de los equipos auton\u00f3micos\u00bb. Sustituir no, reemplazar.<\/p>\n\n\n\n<p>Veamos los resultados. En 2024 se aprobaron 5.325 prestaciones; en 2025 menos de la mitad (2.536). Hay que destacar que, adem\u00e1s, el 78% de las prestaciones concedidas fueron de teleasistencia. La m\u00e1s barata de las prestaciones. Y el resto fue destinado a cuidadores familiares que reciben 185 euros de media al mes. Imposible una factura m\u00e1s barata.<\/p>\n\n\n\n<p>En 2025, solo se incorporaron al sistema 645 personas dependientes. Un incremento del 1,9%, cuando la media en Espa\u00f1a fue del 10,4%. Las valoraciones sobre el grado de autonom\u00eda aumentaron en un 2,2%, mientras la media de las comunidades fue del 8,8%.<\/p>\n\n\n\n<p>Vamos con las listas. A la espera de la valoraci\u00f3n o de prestaci\u00f3n hay en Asturias 7.764 personas, lo que significa ampliar la lista un 15,5% en el \u00faltimo a\u00f1o, cuatro puntos porcentuales m\u00e1s que el resto de territorios. Finalizamos la serie de datos con el gasto. En Asturias, el gasto por dependiente es de 4.405 euros, y en el conjunto nacional es de 6.015 euros. La explicaci\u00f3n es que en Asturias se concentra el gasto en promoci\u00f3n y teleasistencia. El gasto por habitante llega a los 137 euros en el Principado, y en la media de las regiones se eleva a 194 euros.<\/p>\n\n\n\n<p><strong>Conclusiones<\/strong><br>Comparados los indicadores, convendr\u00e1n conmigo que el Observatorio de la Dependencia fue magn\u00e1nimo calificando con 4,5 la gesti\u00f3n de la Dependencia por el Principado. Vamos con las conclusiones.<\/p>\n\n\n\n<p>El Principado regatea recursos cuando se trata de la Dependencia. En la regi\u00f3n m\u00e1s envejecida de Espa\u00f1a, cuando m\u00e1s de la mitad del gasto en la Dependencia lo absorben los mayores de 80 a\u00f1os, no es de recibo la gesti\u00f3n cicatera de los recursos.<\/p>\n\n\n\n<p>La Consejer\u00eda de Derechos Sociales y Bienestar, por segundo mandato consecutivo, es un sindi\u00f3s, tanto se mire para la gesti\u00f3n del presupuesto (se queda sin gastar), como para las prestaciones de la Dependencia. Cuando culpan a la inform\u00e1tica de la gesti\u00f3n, me recuerda, cuando hace veinte a\u00f1os, con el salario social atascado, toda la responsabilidad reca\u00eda en una nueva herramienta digital.<\/p>\n\n\n\n<p>Vistas las cifras de la Dependencia queda meridianamente claro que el famoso escudo social del Gobierno de la izquierda est\u00e1 agujereado.<\/p>\n<!-- AddThis Advanced Settings generic via filter on the_content --><!-- AddThis Share Buttons generic via filter on the_content -->","protected":false},"excerpt":{"rendered":"<p>La Dependencia es la prestaci\u00f3n m\u00e1s importante de los servicios sociales por el objetivo que plantea, \u00ablas personas que no pueden atenderse por s\u00ed mismas ser\u00e1n atendidas por las Administraciones p\u00fablicas\u00bb, por las personas que se benefician, 1,7 millones de ciudadanos, y por el volumen de recursos que moviliza, 12.843 millones en el a\u00f1o 2024, [&hellip;]<!-- AddThis Advanced Settings generic via filter on get_the_excerpt --><!-- AddThis Share Buttons generic via filter on get_the_excerpt --><\/p>\n","protected":false},"author":2,"featured_media":0,"comment_status":"open","ping_status":"open","sticky":false,"template":"","format":"standard","meta":[],"categories":[1],"tags":[],"_links":{"self":[{"href":"https:\/\/blogs.elcomercio.es\/largo_de_cafe\/wp-json\/wp\/v2\/posts\/11560"}],"collection":[{"href":"https:\/\/blogs.elcomercio.es\/largo_de_cafe\/wp-json\/wp\/v2\/posts"}],"about":[{"href":"https:\/\/blogs.elcomercio.es\/largo_de_cafe\/wp-json\/wp\/v2\/types\/post"}],"author":[{"embeddable":true,"href":"https:\/\/blogs.elcomercio.es\/largo_de_cafe\/wp-json\/wp\/v2\/users\/2"}],"replies":[{"embeddable":true,"href":"https:\/\/blogs.elcomercio.es\/largo_de_cafe\/wp-json\/wp\/v2\/comments?post=11560"}],"version-history":[{"count":1,"href":"https:\/\/blogs.elcomercio.es\/largo_de_cafe\/wp-json\/wp\/v2\/posts\/11560\/revisions"}],"predecessor-version":[{"id":11561,"href":"https:\/\/blogs.elcomercio.es\/largo_de_cafe\/wp-json\/wp\/v2\/posts\/11560\/revisions\/11561"}],"wp:attachment":[{"href":"https:\/\/blogs.elcomercio.es\/largo_de_cafe\/wp-json\/wp\/v2\/media?parent=11560"}],"wp:term":[{"taxonomy":"category","embeddable":true,"href":"https:\/\/blogs.elcomercio.es\/largo_de_cafe\/wp-json\/wp\/v2\/categories?post=11560"},{"taxonomy":"post_tag","embeddable":true,"href":"https:\/\/blogs.elcomercio.es\/largo_de_cafe\/wp-json\/wp\/v2\/tags?post=11560"}],"curies":[{"name":"wp","href":"https:\/\/api.w.org\/{rel}","templated":true}]}}