{"id":11564,"date":"2026-03-17T21:16:46","date_gmt":"2026-03-17T20:16:46","guid":{"rendered":"https:\/\/blogs.elcomercio.es\/largo_de_cafe\/?p=11564"},"modified":"2026-03-17T21:16:48","modified_gmt":"2026-03-17T20:16:48","slug":"gana-el-pp-resucita-el-psoe","status":"publish","type":"post","link":"https:\/\/blogs.elcomercio.es\/largo_de_cafe\/2026\/03\/17\/gana-el-pp-resucita-el-psoe\/","title":{"rendered":"GANA EL PP, RESUCITA EL PSOE"},"content":{"rendered":"\n<p>Victoria del PP en las elecciones de Castilla y Le\u00f3n. Tercera victoria consecutiva del principal partido de la derecha tras las elecciones en Extremadura (diciembre) y Arag\u00f3n (febrero). Gan\u00f3 dos esca\u00f1os con respecto a los \u00faltimos comicios y tuvo un 5% de votos m\u00e1s que entonces. El triunfo de Alfonso Fern\u00e1ndez Ma\u00f1ueco fue m\u00e1s claro que el obtenido por Azc\u00f3n en Arag\u00f3n, donde el PP gan\u00f3, pero perdi\u00f3 dos diputados, o que el de Guardiola en Extremadura, donde solo ampli\u00f3 la representaci\u00f3n parlamentaria en un esca\u00f1o.<\/p>\n\n\n\n<p>La segunda plaza fue para el PSOE, que aument\u00f3 su cuota parlamentaria en la misma medida que el PP, dos diputados. Una aut\u00e9ntica sorpresa. Rompe la racha de malos resultados de Extremadura y Arag\u00f3n donde alcanz\u00f3 los registros m\u00e1s bajos de la serie hist\u00f3rica. La opini\u00f3n generalizada de que los socialistas iban a padecer rotundas derrotas en las cuatro comunidades con elecciones antes del verano no se ha cumplido. La explicaci\u00f3n del choque entre expectativas y realidad se debe en gran medida a la respuesta de Pedro S\u00e1nchez al ataque de EE.UU. e Israel a Ir\u00e1n al desempolvar el \u00abno a la guerra\u00bb. La apelaci\u00f3n al reflejo emocional moviliz\u00f3 al electorado de la izquierda.<\/p>\n\n\n\n<p>Vox estuvo por debajo de las expectativas. La segunda sorpresa de la noche electoral. En Extremadura y Arag\u00f3n hab\u00eda duplicado el n\u00famero de esca\u00f1os y en Castilla y Le\u00f3n s\u00f3lo logr\u00f3 pasar de 13 diputados a 14. Muy lejos de los 33 del PP y los 30 del PSOE. En algunas encuestas aparec\u00eda Vox a rebufo de los socialistas, pero ese duelo estuvo muy lejos de producirse. El electorado conservador y liberal ha empezado a recelar de un partido de derechas que no permite gobiernos de derecha, aunque haya suficientes diputados para respaldar a un gobierno del PP y Vox. Conoc\u00edamos la imagen de Abascal cabalgando, pero esta noche lo hemos visto bajarse del equino.<\/p>\n\n\n\n<p>Los partidos provinciales han mantenido su cuota parlamentaria en Le\u00f3n y \u00c1vila, pero &#8216;Soria Ya&#8217; ha quedado reducido a un tercio de lo que era. La extrema izquierda ha pasado a ser extraparlamentaria. IU-Sumar y Podemos han sufrido el rechazo del pueblo. El voto de la izquierda lo ha acaparado el PSOE. Con tanta polarizaci\u00f3n, los an\u00e1lisis pol\u00edticos en Espa\u00f1a se hacen en clave de bloques. Hecho el recuento, el bloque de la derecha tiene 47 diputados y el de la izquierda, 30. Una diferencia de diecisiete esca\u00f1os, a\u00fan mayor que las registradas en Extremadura y Arag\u00f3n. Un resultado tan amplio deber\u00eda asegurar la gobernabilidad, pero todo depende del jefe del tercer partido.<\/p>\n<!-- AddThis Advanced Settings generic via filter on the_content --><!-- AddThis Share Buttons generic via filter on the_content -->","protected":false},"excerpt":{"rendered":"<p>Victoria del PP en las elecciones de Castilla y Le\u00f3n. Tercera victoria consecutiva del principal partido de la derecha tras las elecciones en Extremadura (diciembre) y Arag\u00f3n (febrero). Gan\u00f3 dos esca\u00f1os con respecto a los \u00faltimos comicios y tuvo un 5% de votos m\u00e1s que entonces. El triunfo de Alfonso Fern\u00e1ndez Ma\u00f1ueco fue m\u00e1s claro [&hellip;]<!-- AddThis Advanced Settings generic via filter on get_the_excerpt --><!-- AddThis Share Buttons generic via filter on get_the_excerpt --><\/p>\n","protected":false},"author":2,"featured_media":0,"comment_status":"open","ping_status":"open","sticky":false,"template":"","format":"standard","meta":[],"categories":[1],"tags":[],"_links":{"self":[{"href":"https:\/\/blogs.elcomercio.es\/largo_de_cafe\/wp-json\/wp\/v2\/posts\/11564"}],"collection":[{"href":"https:\/\/blogs.elcomercio.es\/largo_de_cafe\/wp-json\/wp\/v2\/posts"}],"about":[{"href":"https:\/\/blogs.elcomercio.es\/largo_de_cafe\/wp-json\/wp\/v2\/types\/post"}],"author":[{"embeddable":true,"href":"https:\/\/blogs.elcomercio.es\/largo_de_cafe\/wp-json\/wp\/v2\/users\/2"}],"replies":[{"embeddable":true,"href":"https:\/\/blogs.elcomercio.es\/largo_de_cafe\/wp-json\/wp\/v2\/comments?post=11564"}],"version-history":[{"count":1,"href":"https:\/\/blogs.elcomercio.es\/largo_de_cafe\/wp-json\/wp\/v2\/posts\/11564\/revisions"}],"predecessor-version":[{"id":11565,"href":"https:\/\/blogs.elcomercio.es\/largo_de_cafe\/wp-json\/wp\/v2\/posts\/11564\/revisions\/11565"}],"wp:attachment":[{"href":"https:\/\/blogs.elcomercio.es\/largo_de_cafe\/wp-json\/wp\/v2\/media?parent=11564"}],"wp:term":[{"taxonomy":"category","embeddable":true,"href":"https:\/\/blogs.elcomercio.es\/largo_de_cafe\/wp-json\/wp\/v2\/categories?post=11564"},{"taxonomy":"post_tag","embeddable":true,"href":"https:\/\/blogs.elcomercio.es\/largo_de_cafe\/wp-json\/wp\/v2\/tags?post=11564"}],"curies":[{"name":"wp","href":"https:\/\/api.w.org\/{rel}","templated":true}]}}