{"id":11566,"date":"2026-03-17T21:19:23","date_gmt":"2026-03-17T20:19:23","guid":{"rendered":"https:\/\/blogs.elcomercio.es\/largo_de_cafe\/?p=11566"},"modified":"2026-03-17T21:19:24","modified_gmt":"2026-03-17T20:19:24","slug":"administracion-impoluta","status":"publish","type":"post","link":"https:\/\/blogs.elcomercio.es\/largo_de_cafe\/2026\/03\/17\/administracion-impoluta\/","title":{"rendered":"ADMINISTRACI\u00d3N IMPOLUTA"},"content":{"rendered":"\n<p>Cuando se acerca la fecha del primer aniversario de los cinco mineros muertos en la mina de Cerredo (Dega\u00f1a), el director general de Energ\u00eda y Miner\u00eda del Principado hizo unas declaraciones, tras la reuni\u00f3n de la Comisi\u00f3n de Seguridad Minera, sobre la siniestralidad habida en el a\u00f1o 2025 en las minas. El accidente de Cerredo, el m\u00e1s grave de los habidos en las explotaciones de carb\u00f3n asturianas en lo que va de siglo, se diferencia de las grandes tragedias de d\u00e9cadas anteriores en que el siniestro se produce en un yacimiento donde estaba expresamente prohibido extraer carb\u00f3n. Tres a\u00f1os antes, un cami\u00f3n que transportaba carb\u00f3n sacado de la mina se qued\u00f3 sin frenos y muri\u00f3 un trabajador. Entonces se pudo ver que la empresa hac\u00eda caso omiso de la legalidad y, en vez de conformarse con la imposici\u00f3n de una multa, el Principado pod\u00eda haber tomado otras decisiones m\u00e1s rigurosas y m\u00e1s acorde con el peligro que supon\u00eda realizar los trabajos sin control de la Administraci\u00f3n. El accidente luctuoso del a\u00f1o 2022 resta margen a la Administraci\u00f3n para hablar de errores, descuidos o dificultad para detectar las ilegalidades que acabaron desembocando en el accidente del 31 de marzo del pasado a\u00f1o.<\/p>\n\n\n\n<p>El director general de Energ\u00eda y Miner\u00eda afirma que no existe un an\u00e1lisis final de las inspecciones realizadas en la mina de Cerredo, pero que se considera que fueron las adecuadas \u00bfSi no hay un an\u00e1lisis definitivo en qu\u00e9 se basa para considerar que fueron las adecuadas? Al parecer los inspectores no fueron capaces de detectar la trampa que hac\u00eda la empresa, pero como declar\u00f3 un testigo en la comisi\u00f3n de investigaci\u00f3n parlamentaria del accidente, \u00abtodo el mundo sab\u00eda que en Cerredo se estaba extrayendo carb\u00f3n\u00bb. De la actividad ilegal advirti\u00f3 alg\u00fan ciudadano a la Administraci\u00f3n, por correo electr\u00f3nico, pero por esos misterios que tiene la inform\u00e1tica nadie pudo leerlo.<\/p>\n\n\n\n<p>El director general dijo que teniendo en cuenta que se trataba de una explotaci\u00f3n clandestina, las inspecciones fueron las adecuadas. Sucedi\u00f3 el accidente de 2022, pero como la explotaci\u00f3n era clandestina nadie se enter\u00f3 en los tres a\u00f1os siguientes de lo que estaba ocurriendo. Justo antes de dimitir, la exconsejera, Belarmina D\u00edaz, declar\u00f3 en la C\u00e1mara, \u00absi como parece en el piso 3\u00ba de la mina se extra\u00eda carb\u00f3n de manera ilegal y en condiciones de extrema peligrosidad para los trabajadores, la responsabilidad es de la empresa y el director facultativo\u00bb. El Principado, nada de nada, el dolo o la negligencia siempre es de otros.<\/p>\n<!-- AddThis Advanced Settings generic via filter on the_content --><!-- AddThis Share Buttons generic via filter on the_content -->","protected":false},"excerpt":{"rendered":"<p>Cuando se acerca la fecha del primer aniversario de los cinco mineros muertos en la mina de Cerredo (Dega\u00f1a), el director general de Energ\u00eda y Miner\u00eda del Principado hizo unas declaraciones, tras la reuni\u00f3n de la Comisi\u00f3n de Seguridad Minera, sobre la siniestralidad habida en el a\u00f1o 2025 en las minas. El accidente de Cerredo, [&hellip;]<!-- AddThis Advanced Settings generic via filter on get_the_excerpt --><!-- AddThis Share Buttons generic via filter on get_the_excerpt --><\/p>\n","protected":false},"author":2,"featured_media":0,"comment_status":"open","ping_status":"open","sticky":false,"template":"","format":"standard","meta":[],"categories":[1],"tags":[],"_links":{"self":[{"href":"https:\/\/blogs.elcomercio.es\/largo_de_cafe\/wp-json\/wp\/v2\/posts\/11566"}],"collection":[{"href":"https:\/\/blogs.elcomercio.es\/largo_de_cafe\/wp-json\/wp\/v2\/posts"}],"about":[{"href":"https:\/\/blogs.elcomercio.es\/largo_de_cafe\/wp-json\/wp\/v2\/types\/post"}],"author":[{"embeddable":true,"href":"https:\/\/blogs.elcomercio.es\/largo_de_cafe\/wp-json\/wp\/v2\/users\/2"}],"replies":[{"embeddable":true,"href":"https:\/\/blogs.elcomercio.es\/largo_de_cafe\/wp-json\/wp\/v2\/comments?post=11566"}],"version-history":[{"count":1,"href":"https:\/\/blogs.elcomercio.es\/largo_de_cafe\/wp-json\/wp\/v2\/posts\/11566\/revisions"}],"predecessor-version":[{"id":11567,"href":"https:\/\/blogs.elcomercio.es\/largo_de_cafe\/wp-json\/wp\/v2\/posts\/11566\/revisions\/11567"}],"wp:attachment":[{"href":"https:\/\/blogs.elcomercio.es\/largo_de_cafe\/wp-json\/wp\/v2\/media?parent=11566"}],"wp:term":[{"taxonomy":"category","embeddable":true,"href":"https:\/\/blogs.elcomercio.es\/largo_de_cafe\/wp-json\/wp\/v2\/categories?post=11566"},{"taxonomy":"post_tag","embeddable":true,"href":"https:\/\/blogs.elcomercio.es\/largo_de_cafe\/wp-json\/wp\/v2\/tags?post=11566"}],"curies":[{"name":"wp","href":"https:\/\/api.w.org\/{rel}","templated":true}]}}