{"id":11657,"date":"2026-04-26T21:35:16","date_gmt":"2026-04-26T19:35:16","guid":{"rendered":"https:\/\/blogs.elcomercio.es\/largo_de_cafe\/?p=11657"},"modified":"2026-04-26T21:35:16","modified_gmt":"2026-04-26T19:35:16","slug":"grietas-en-el-gobierno","status":"publish","type":"post","link":"https:\/\/blogs.elcomercio.es\/largo_de_cafe\/2026\/04\/26\/grietas-en-el-gobierno\/","title":{"rendered":"GRIETAS EN EL GOBIERNO"},"content":{"rendered":"\n<p>La pol\u00edtica es imprevisible. \u00bfQui\u00e9n iba a decir que cuando faltase un a\u00f1o para los comicios auton\u00f3micos el Gobierno de Barb\u00f3n iba a pasar por la situaci\u00f3n m\u00e1s dif\u00edcil de sus siete a\u00f1os en el poder? \u00bfQui\u00e9n iba a imaginar que hasta IU se separar\u00eda del PSOE?<\/p>\n\n\n\n<p>El trabajo de la comisi\u00f3n de investigaci\u00f3n parlamentaria del &#8216;caso Cerredo&#8217; ocup\u00f3 un segundo plano en la pol\u00edtica regional, aunque hubo comparecientes que vertieron testimonios muy duros, capaces de provocar una crisis si alguien tirara del hilo. Una vez terminadas las sesiones, bast\u00f3 con que la diputada Covadonga Tom\u00e9 (Somos Asturias), presidenta de la comisi\u00f3n, publicara el dictamen provisional d\u00f3nde se\u00f1ala con el dedo a los tres consejeros de Industria de Barb\u00f3n para que la mayor\u00eda parlamentaria se resquebrajara.<\/p>\n\n\n\n<p>Cada vez que el portavoz socialista, Guillermo Pel\u00e1ez, aclara que habla en nombre del sector mayoritario del Gobierno echa por tierra los esfuerzos realizados por Barb\u00f3n, durante tres a\u00f1os, para convencernos de que est\u00e1 al frente del Gobierno de unidad progresista, en vez de reconocer que preside un Gobierno de coalici\u00f3n. Y las coaliciones se hacen, se deshacen o quedan en punto muerto. IU tiene cogida la sart\u00e9n por el mango.<\/p>\n\n\n\n<p><strong>Atropello<\/strong><br>Entramos en la fase cr\u00edtica, donde se va a debatir sobre el dictamen; los partidos defender\u00e1n sus enmiendas y se aprobar\u00e1 el texto final, si no ocurre nada extra\u00f1o, que tambi\u00e9n pudiera suceder.<\/p>\n\n\n\n<p>A la Federaci\u00f3n Socialista Asturiana (FSA) le atropellaron los acontecimientos, como al sector mayoritario del Gobierno. Creyeron que esta era una comisi\u00f3n como tantas otras que se constituyeron en la Junta General del Principado durante la etapa auton\u00f3mica para terminar sin pena ni gloria porque el formato de la comisi\u00f3n de investigaci\u00f3n en el Parlamento asturiano est\u00e1 dise\u00f1ado para cumplir una mera formalidad: afirmaciones gen\u00e9ricas y reprobaciones te\u00f3ricas.<\/p>\n\n\n\n<p>A decir verdad, la c\u00fapula socialista tom\u00f3 una medida preventiva acertada al dar a conocer el informe de la Inspecci\u00f3n General del Servicios (IGS) unas semanas antes de que Tom\u00e9 mostrara su mercanc\u00eda. El informe de la IGS estaba pensado para guiar a los diputados, de tal forma que condicionara el dictamen parlamentario o, al menos, su lectura. Prueba de ello fue la exposici\u00f3n de Borja S\u00e1nchez, consejero de Industria, cuando present\u00f3 el informe de la IGS. A su entender, lo importante era aplicar las once recomendaciones del informe. Los errores, fallos e irregularidades quedaban postergados. Hablaba del futuro, como forma de escapar del pasado.<\/p>\n\n\n\n<p>Los socialistas supieron desde el principio que el informe interno, dependiente de la Vicepresidencia del Gobierno, era una baza a utilizar. Para que la gente entendiera lo que era la Inspecci\u00f3n General de Servicios, Barb\u00f3n compar\u00f3 a sus miembros con los fiscales.<\/p>\n\n\n\n<p><strong>Cerredo<\/strong><br>Lo que no supieron captar es en qu\u00e9 se diferencia la comisi\u00f3n de investigaci\u00f3n de Cerredo de todas las anteriores. La diferencia es cualitativa: en Cerredo hubo cinco muertos. Un hecho demasiado impactante como para obviarlo. Sin esperarlo, los socialistas pasaron en unas pocas horas a quedar aislados. Cuando Borja S\u00e1nchez explicaba muy educadamente su interpretaci\u00f3n del informe, daban ganas de interrumpirle para preguntarle qu\u00e9 iba a hacer con los muertos.<\/p>\n\n\n\n<p>Al verse en un escenario impredecible, la c\u00fapula socialista opt\u00f3 por enrocarse. Como la realidad no les gusta, la contradicen y empiezan a decir que no hay nexo entre las actuaciones de la Administraci\u00f3n y el mortal accidente. Basta leer lo que public\u00f3 este peri\u00f3dico en el \u00faltimo a\u00f1o para darse cuenta que las ilegalidades de Combayl y Blue Solving solo fueron posibles porque la Administraci\u00f3n estuvo entre distra\u00edda y comprensiva.<\/p>\n\n\n\n<p>Recuerdo, unos d\u00edas despu\u00e9s de la tragedia, a la consejera de Industria, Belarmina D\u00edaz, interviniendo con vehemencia en la C\u00e1mara tratando de explicar que la culpa de la tragedia era de la empresa, porque los trabajadores estaban en un chamizo. Claro que s\u00ed, pero tambi\u00e9n era un chamizo uno, dos y tres a\u00f1os antes del desastre. El papel de la Administraci\u00f3n est\u00e1 en distinguir entre una explotaci\u00f3n minera y un chamizo. Y actuar en consecuencia.<\/p>\n\n\n\n<p>Recuerdo tambi\u00e9n la intervenci\u00f3n de un alto funcionario que, al referirse a las empresas de Chus Mirantes, dijo \u00abque posiblemente nos tomaron el pelo\u00bb. Hay que tener cuajo para hablar as\u00ed. \u00bfC\u00f3mo iba a hacer una gesti\u00f3n correcta la Administraci\u00f3n asturiana si la ministra para la Transici\u00f3n Ecol\u00f3gica Sara Aagesen cre\u00eda que en Asturias no se extra\u00eda carb\u00f3n?<\/p>\n\n\n\n<p><strong>Cambalache<\/strong><br>Adri\u00e1n Barb\u00f3n tiene que asumir que el cambalache de las puertas giratorias (los consejeros \u00abquemados\u00bb los env\u00eda a presidir la Autoridad Portuaria de Gij\u00f3n, la empresa Hunosa o les da un esca\u00f1o en el Senado) debe terminar con el cese de los recolocados por su gesti\u00f3n en la miner\u00eda asturiana. El presidente del Principado tiene gusto por la ret\u00f3rica, no en vano la facilidad de palabra le hizo desde muy joven destacar en la agrupaci\u00f3n socialista. Llevado por la ret\u00f3rica, dijo m\u00e1s de una vez que tiene \u00abun compromiso de sangre con las familias mineras\u00bb. Pues bien, otorgar un falso fuero a los pol\u00edticos socialistas que tuvieron en sus manos evitar el desmadre del chamizo de Cerredo es incompatible con el pacto de sangre. A su lado, Alperi (Soma), que algo sabe de minas, apuesta firmemente por exigir responsabilidades pol\u00edticas.<\/p>\n<!-- AddThis Advanced Settings generic via filter on the_content --><!-- AddThis Share Buttons generic via filter on the_content -->","protected":false},"excerpt":{"rendered":"<p>La pol\u00edtica es imprevisible. \u00bfQui\u00e9n iba a decir que cuando faltase un a\u00f1o para los comicios auton\u00f3micos el Gobierno de Barb\u00f3n iba a pasar por la situaci\u00f3n m\u00e1s dif\u00edcil de sus siete a\u00f1os en el poder? \u00bfQui\u00e9n iba a imaginar que hasta IU se separar\u00eda del PSOE? El trabajo de la comisi\u00f3n de investigaci\u00f3n parlamentaria [&hellip;]<!-- AddThis Advanced Settings generic via filter on get_the_excerpt --><!-- AddThis Share Buttons generic via filter on get_the_excerpt --><\/p>\n","protected":false},"author":2,"featured_media":0,"comment_status":"open","ping_status":"open","sticky":false,"template":"","format":"standard","meta":[],"categories":[1],"tags":[],"_links":{"self":[{"href":"https:\/\/blogs.elcomercio.es\/largo_de_cafe\/wp-json\/wp\/v2\/posts\/11657"}],"collection":[{"href":"https:\/\/blogs.elcomercio.es\/largo_de_cafe\/wp-json\/wp\/v2\/posts"}],"about":[{"href":"https:\/\/blogs.elcomercio.es\/largo_de_cafe\/wp-json\/wp\/v2\/types\/post"}],"author":[{"embeddable":true,"href":"https:\/\/blogs.elcomercio.es\/largo_de_cafe\/wp-json\/wp\/v2\/users\/2"}],"replies":[{"embeddable":true,"href":"https:\/\/blogs.elcomercio.es\/largo_de_cafe\/wp-json\/wp\/v2\/comments?post=11657"}],"version-history":[{"count":1,"href":"https:\/\/blogs.elcomercio.es\/largo_de_cafe\/wp-json\/wp\/v2\/posts\/11657\/revisions"}],"predecessor-version":[{"id":11658,"href":"https:\/\/blogs.elcomercio.es\/largo_de_cafe\/wp-json\/wp\/v2\/posts\/11657\/revisions\/11658"}],"wp:attachment":[{"href":"https:\/\/blogs.elcomercio.es\/largo_de_cafe\/wp-json\/wp\/v2\/media?parent=11657"}],"wp:term":[{"taxonomy":"category","embeddable":true,"href":"https:\/\/blogs.elcomercio.es\/largo_de_cafe\/wp-json\/wp\/v2\/categories?post=11657"},{"taxonomy":"post_tag","embeddable":true,"href":"https:\/\/blogs.elcomercio.es\/largo_de_cafe\/wp-json\/wp\/v2\/tags?post=11657"}],"curies":[{"name":"wp","href":"https:\/\/api.w.org\/{rel}","templated":true}]}}