{"id":11661,"date":"2026-04-28T21:27:59","date_gmt":"2026-04-28T19:27:59","guid":{"rendered":"https:\/\/blogs.elcomercio.es\/largo_de_cafe\/?p=11661"},"modified":"2026-04-28T21:27:59","modified_gmt":"2026-04-28T19:27:59","slug":"ministra-ventajista","status":"publish","type":"post","link":"https:\/\/blogs.elcomercio.es\/largo_de_cafe\/2026\/04\/28\/ministra-ventajista\/","title":{"rendered":"MINISTRA VENTAJISTA"},"content":{"rendered":"\n<p>Empieza otra semana con huelga de m\u00e9dicos. Los paros ser\u00e1n de lunes a jueves. Cada mes hay cuatro d\u00edas de huelga, hasta junio inclusive. En todas las regiones hay acumulaci\u00f3n de cirug\u00edas y consultas, as\u00ed que, con los paros intermitentes, el trabajo aplazado crecer\u00e1. En Asturias hay 22.834 cirug\u00edas pendientes y 122.628 consultas hospitalarias. Los desfases entre la demanda de los pacientes y la atenci\u00f3n de los galenos repercuten en la calidad del servicio p\u00fablico. En las encuestas el nivel de satisfacci\u00f3n de los usuarios es m\u00e1s bajo que en 2020. Un sector creciente de la poblaci\u00f3n, con recursos para ello, se afilia a la sanidad privada. Pensemos en las consultas de m\u00e9dicos especialistas (la cl\u00e1sica consulta externa de los hospitales) con una lista de espera de 122.628 pacientes. En la Administraci\u00f3n p\u00fablica generalista se emplea la f\u00f3rmula de \u00aben tiempo y forma\u00bb como elementos que definen una actuaci\u00f3n correcta. En el caso de la sanidad, con acumulaci\u00f3n de trabajo, el tiempo, elemento clave para que la atenci\u00f3n sea satisfactoria, se incumple de largo.<\/p>\n\n\n\n<p>La huelga responde a la negativa del Ministerio de Sanidad de conceder a los m\u00e9dicos un Estatuto Marco espec\u00edfico, sin compartir con otras titulaciones. En el nuevo Estatuto Marco dise\u00f1ado por la ministra, los m\u00e9dicos est\u00e1n en dos categor\u00edas, seg\u00fan sean especialistas o no lo sean. En la primera comparten estatus con bi\u00f3logos, f\u00edsicos o qu\u00edmicos, que sean especialistas. En la segunda categor\u00eda est\u00e1n los m\u00e9dicos sin especialidad, veterinarios, enfermeros especialistas, etc. La reivindicaci\u00f3n de un Estatuto Espec\u00edfico la hacen los m\u00e9dicos bas\u00e1ndose en tener m\u00e1s a\u00f1os de formaci\u00f3n y un grado de responsabilidad mayor en actos cl\u00ednicos. La profesi\u00f3n m\u00e9dica es muy corporativa, fruto de un sentimiento identitario muy fuerte que reconoce la sociedad: todo el mundo sabe lo que es un m\u00e9dico. Son muy sensibles a cualquier variaci\u00f3n de su estatus.<\/p>\n\n\n\n<p>Lo m\u00e1s l\u00f3gico ser\u00eda que la ministra, M\u00f3nica Garc\u00eda, hubiera negociado una cuesti\u00f3n burocr\u00e1tica que no afecta al Gobierno, pero ella no ha movido un dedo porque no le afecta la huelga. La ministra echa un pulso a los m\u00e9dicos sabiendo que lo van a sufrir los gobiernos auton\u00f3micos y los ciudadanos porque son los que financian y usan la sanidad. En cuatro meses de huelga, Pedro S\u00e1nchez no ha dicho ni p\u00edo, porque los males de las autonom\u00edas no da\u00f1an su salud (pol\u00edtica). La doctora Garc\u00eda anunci\u00f3 que vuelve a la pol\u00edtica madrile\u00f1a para desplazar a Ayuso. No ser\u00e1 con el voto de los m\u00e9dicos.<\/p>\n<!-- AddThis Advanced Settings generic via filter on the_content --><!-- AddThis Share Buttons generic via filter on the_content -->","protected":false},"excerpt":{"rendered":"<p>Empieza otra semana con huelga de m\u00e9dicos. Los paros ser\u00e1n de lunes a jueves. Cada mes hay cuatro d\u00edas de huelga, hasta junio inclusive. En todas las regiones hay acumulaci\u00f3n de cirug\u00edas y consultas, as\u00ed que, con los paros intermitentes, el trabajo aplazado crecer\u00e1. En Asturias hay 22.834 cirug\u00edas pendientes y 122.628 consultas hospitalarias. Los [&hellip;]<!-- AddThis Advanced Settings generic via filter on get_the_excerpt --><!-- AddThis Share Buttons generic via filter on get_the_excerpt --><\/p>\n","protected":false},"author":2,"featured_media":0,"comment_status":"open","ping_status":"open","sticky":false,"template":"","format":"standard","meta":[],"categories":[1],"tags":[],"_links":{"self":[{"href":"https:\/\/blogs.elcomercio.es\/largo_de_cafe\/wp-json\/wp\/v2\/posts\/11661"}],"collection":[{"href":"https:\/\/blogs.elcomercio.es\/largo_de_cafe\/wp-json\/wp\/v2\/posts"}],"about":[{"href":"https:\/\/blogs.elcomercio.es\/largo_de_cafe\/wp-json\/wp\/v2\/types\/post"}],"author":[{"embeddable":true,"href":"https:\/\/blogs.elcomercio.es\/largo_de_cafe\/wp-json\/wp\/v2\/users\/2"}],"replies":[{"embeddable":true,"href":"https:\/\/blogs.elcomercio.es\/largo_de_cafe\/wp-json\/wp\/v2\/comments?post=11661"}],"version-history":[{"count":1,"href":"https:\/\/blogs.elcomercio.es\/largo_de_cafe\/wp-json\/wp\/v2\/posts\/11661\/revisions"}],"predecessor-version":[{"id":11662,"href":"https:\/\/blogs.elcomercio.es\/largo_de_cafe\/wp-json\/wp\/v2\/posts\/11661\/revisions\/11662"}],"wp:attachment":[{"href":"https:\/\/blogs.elcomercio.es\/largo_de_cafe\/wp-json\/wp\/v2\/media?parent=11661"}],"wp:term":[{"taxonomy":"category","embeddable":true,"href":"https:\/\/blogs.elcomercio.es\/largo_de_cafe\/wp-json\/wp\/v2\/categories?post=11661"},{"taxonomy":"post_tag","embeddable":true,"href":"https:\/\/blogs.elcomercio.es\/largo_de_cafe\/wp-json\/wp\/v2\/tags?post=11661"}],"curies":[{"name":"wp","href":"https:\/\/api.w.org\/{rel}","templated":true}]}}