{"id":11663,"date":"2026-04-28T21:29:25","date_gmt":"2026-04-28T19:29:25","guid":{"rendered":"https:\/\/blogs.elcomercio.es\/largo_de_cafe\/?p=11663"},"modified":"2026-04-28T21:29:25","modified_gmt":"2026-04-28T19:29:25","slug":"cerrar-los-ojos","status":"publish","type":"post","link":"https:\/\/blogs.elcomercio.es\/largo_de_cafe\/2026\/04\/28\/cerrar-los-ojos\/","title":{"rendered":"CERRAR LOS OJOS"},"content":{"rendered":"\n<p>Hay dos cuestiones sin clarificar en el asunto del accidente de Cerredo. La principal es el alcance de las responsabilidades en la tragedia y el&nbsp;otro asunto son las ayudas a las familias de los mineros muertos y heridos en los accidentes de agosto de 2022 y de marzo de 2025 en la mina. Guillermo Pel\u00e1ez, consejero de Hacienda y portavoz del Ejecutivo, dijo que no hab\u00eda encaje jur\u00eddico para otorgar ayudas (en el dictamen de Covadonga Tom\u00e9 ten\u00edan el car\u00e1cter de indemnizaci\u00f3n), pero unos d\u00edas m\u00e1s tarde cambi\u00f3 de criterio al ver la reacci\u00f3n tan negativa que suscit\u00f3 entre todos los partidos su rechazo a las ayudas.<\/p>\n\n\n\n<p>Una vez dado el visto bueno al amparo a las familias, el Gobierno ten\u00eda en su mano zanjar el asunto aprobando una ayuda extraordinaria a los familiares de los muertos (6) y heridos (5). Es la salida natural que viene propiciada por el impacto de la tragedia, el accidente laboral m\u00e1s importante en Asturias en lo que va de siglo. Sin embargo, el Ejecutivo se meti\u00f3 en una tarea m\u00e1s ambiciosa y engorrosa como es aprobar una norma que explicite el derecho a cobrar de los familiares de cualquier trabajador fallecido o herido en acto de trabajo. No es la primera vez que los gobiernos socialistas para evitar transmitir la impresi\u00f3n de ceder ante la oposici\u00f3n, ampl\u00edan el compromiso sin saber muy bien donde se meten. Por esa v\u00eda la carrera profesional de los trabajadores de la sanidad se ampli\u00f3 a todos los empleados p\u00fablicos del Principado (a\u00f1o 2011). Las exigencias de IU son prioritarias en todo lo que tiene que ver con las consecuencias de la tragedia de Cerredo.<\/p>\n\n\n\n<p>El debate partidario sigue centrado en las responsabilidades pol\u00edticas del siniestro. El consejero portavoz volvi\u00f3 a insistir en que los socialistas solo reconocen un an\u00f3malo funcionamiento del Servicio de Miner\u00eda. No quieren pasar de esa raya. Descartan que haya alguna relaci\u00f3n entre la gesti\u00f3n de los consejeros de Industria se\u00f1alados en el dictamen (Enrique Fern\u00e1ndez, Nieves Roque\u00f1\u00ed, Belarmina D\u00edaz) y el accidente. En definitiva, que del accidente de Cerredo no se derivan responsabilidades pol\u00edticas.<\/p>\n\n\n\n<p>Sigue la c\u00fapula del PSOE y del Gobierno encerrados en el b\u00fanker. Cualquiera que haya le\u00eddo las informaciones y revelaciones de este peri\u00f3dico podr\u00e1 afirmar que, sin la actuaci\u00f3n de la Administraci\u00f3n, dirigida por los consejeros, hubiera sido muy dif\u00edcil que se crearan las condiciones que propiciaron la tragedia. La responsabilidad pol\u00edtica es abrumadora. C\u00f3mo ser\u00e1 que una consejera, Belarmina D\u00edaz, dimiti\u00f3.<\/p>\n<!-- AddThis Advanced Settings generic via filter on the_content --><!-- AddThis Share Buttons generic via filter on the_content -->","protected":false},"excerpt":{"rendered":"<p>Hay dos cuestiones sin clarificar en el asunto del accidente de Cerredo. La principal es el alcance de las responsabilidades en la tragedia y el&nbsp;otro asunto son las ayudas a las familias de los mineros muertos y heridos en los accidentes de agosto de 2022 y de marzo de 2025 en la mina. Guillermo Pel\u00e1ez, [&hellip;]<!-- AddThis Advanced Settings generic via filter on get_the_excerpt --><!-- AddThis Share Buttons generic via filter on get_the_excerpt --><\/p>\n","protected":false},"author":2,"featured_media":0,"comment_status":"open","ping_status":"open","sticky":false,"template":"","format":"standard","meta":[],"categories":[1],"tags":[],"_links":{"self":[{"href":"https:\/\/blogs.elcomercio.es\/largo_de_cafe\/wp-json\/wp\/v2\/posts\/11663"}],"collection":[{"href":"https:\/\/blogs.elcomercio.es\/largo_de_cafe\/wp-json\/wp\/v2\/posts"}],"about":[{"href":"https:\/\/blogs.elcomercio.es\/largo_de_cafe\/wp-json\/wp\/v2\/types\/post"}],"author":[{"embeddable":true,"href":"https:\/\/blogs.elcomercio.es\/largo_de_cafe\/wp-json\/wp\/v2\/users\/2"}],"replies":[{"embeddable":true,"href":"https:\/\/blogs.elcomercio.es\/largo_de_cafe\/wp-json\/wp\/v2\/comments?post=11663"}],"version-history":[{"count":1,"href":"https:\/\/blogs.elcomercio.es\/largo_de_cafe\/wp-json\/wp\/v2\/posts\/11663\/revisions"}],"predecessor-version":[{"id":11664,"href":"https:\/\/blogs.elcomercio.es\/largo_de_cafe\/wp-json\/wp\/v2\/posts\/11663\/revisions\/11664"}],"wp:attachment":[{"href":"https:\/\/blogs.elcomercio.es\/largo_de_cafe\/wp-json\/wp\/v2\/media?parent=11663"}],"wp:term":[{"taxonomy":"category","embeddable":true,"href":"https:\/\/blogs.elcomercio.es\/largo_de_cafe\/wp-json\/wp\/v2\/categories?post=11663"},{"taxonomy":"post_tag","embeddable":true,"href":"https:\/\/blogs.elcomercio.es\/largo_de_cafe\/wp-json\/wp\/v2\/tags?post=11663"}],"curies":[{"name":"wp","href":"https:\/\/api.w.org\/{rel}","templated":true}]}}