{"id":11665,"date":"2026-04-29T21:33:22","date_gmt":"2026-04-29T19:33:22","guid":{"rendered":"https:\/\/blogs.elcomercio.es\/largo_de_cafe\/?p=11665"},"modified":"2026-04-29T21:33:23","modified_gmt":"2026-04-29T19:33:23","slug":"nombres-propios","status":"publish","type":"post","link":"https:\/\/blogs.elcomercio.es\/largo_de_cafe\/2026\/04\/29\/nombres-propios\/","title":{"rendered":"NOMBRES PROPIOS"},"content":{"rendered":"\n<p>Las diferencias entre PSOE e IU sobre las responsabilidades en el accidente de la mina de Cerredo dejan a los socialistas en minor\u00eda parlamentaria y&nbsp;amenazan con desestabilizar al Gobierno de coalici\u00f3n. Si los dos partidos que gobiernan mantuvieran la misma postura sobre los motivos del accidente, aunque perdieran la votaci\u00f3n final sobre el dictamen \u2013confeccionado por la diputada Tom\u00e9\u2013 y sufrieran un coste reputacional, podr\u00edan encarar el \u00faltimo tramo de la legislatura. De mantenerse el disenso, los socialistas, en solitario, y enfrentados a su socio, se arriesgan a llegar a la campa\u00f1a electoral con exceso de plomo en las alas.<\/p>\n\n\n\n<p>La Federaci\u00f3n Socialista Asturiana (FSA), sorprendida por las exigencias de todos los partidos, no tuvo mejor respuesta que volver a la consigna inicial del &#8216;sanchismo&#8217;: no es no. No hay responsabilidades de ning\u00fan tipo \u00bfPor qu\u00e9? Porque no es no. La culpa de las empresas de Chus Mirantes tapa las actuaciones del Servicio de Minas. Lo expres\u00f3 de manera n\u00edtida Adriana Lastra: \u00abLo mismo me da que me pregunten por Nieves Roque\u00f1\u00ed que por Enrique Fern\u00e1ndez, el foco hay que ponerlo en Blue Solving\u00bb. Las irregularidades o ilegalidades de la empresa blanquean todos los desprop\u00f3sitos realizados por la Administraci\u00f3n del Principado.<\/p>\n\n\n\n<p>El portavoz socialista, Guillermo Pel\u00e1ez, propone una v\u00eda para evitar el choque en el interior del Gobierno: llevar las diferencias al \u00e1mbito partidario. Es un planteamiento formal que permite ganar algo de tiempo, pero si los exconsejeros socialistas no son depurados (mantienen sus cargos oficiales) la cr\u00edtica pol\u00edtica y social alcanzar\u00e1 al Gobierno. Todos recuerdan la expresi\u00f3n calderoniana del presidente Barb\u00f3n: \u00abTengo un compromiso de sangre con las familias de los muertos\u00bb. Si el compromiso no da para ajustar cuentas con la negligencia, se queda en mera resonancia teatral.<\/p>\n\n\n\n<p>Si IU vota a favor de depurar a los exconsejeros y una vez cumplido el tr\u00e1mite parlamentario se pone a gestionar las menudencias de cada d\u00eda con la rutina del que ha cerrado un expediente delicado, ser\u00e1 blanco de la cr\u00edtica airada que provoca el enga\u00f1o. El hartazgo de la gente con partidos y pol\u00edticos se sintetiza en una frase que todos hemos o\u00eddo mil veces: \u00abNadie dimite, todos se aferran al cargo\u00bb. En Adamuz clamaban por la responsabilidad del ministro Puente y en Cerredo esperan que la culpa de la empresa se sustancie en el juzgado y del hacer de la Administraci\u00f3n del Principado se deduzcan responsabilidades pol\u00edticas con nombres propios.<\/p>\n<!-- AddThis Advanced Settings generic via filter on the_content --><!-- AddThis Share Buttons generic via filter on the_content -->","protected":false},"excerpt":{"rendered":"<p>Las diferencias entre PSOE e IU sobre las responsabilidades en el accidente de la mina de Cerredo dejan a los socialistas en minor\u00eda parlamentaria y&nbsp;amenazan con desestabilizar al Gobierno de coalici\u00f3n. Si los dos partidos que gobiernan mantuvieran la misma postura sobre los motivos del accidente, aunque perdieran la votaci\u00f3n final sobre el dictamen \u2013confeccionado [&hellip;]<!-- AddThis Advanced Settings generic via filter on get_the_excerpt --><!-- AddThis Share Buttons generic via filter on get_the_excerpt --><\/p>\n","protected":false},"author":2,"featured_media":0,"comment_status":"open","ping_status":"open","sticky":false,"template":"","format":"standard","meta":[],"categories":[1],"tags":[],"_links":{"self":[{"href":"https:\/\/blogs.elcomercio.es\/largo_de_cafe\/wp-json\/wp\/v2\/posts\/11665"}],"collection":[{"href":"https:\/\/blogs.elcomercio.es\/largo_de_cafe\/wp-json\/wp\/v2\/posts"}],"about":[{"href":"https:\/\/blogs.elcomercio.es\/largo_de_cafe\/wp-json\/wp\/v2\/types\/post"}],"author":[{"embeddable":true,"href":"https:\/\/blogs.elcomercio.es\/largo_de_cafe\/wp-json\/wp\/v2\/users\/2"}],"replies":[{"embeddable":true,"href":"https:\/\/blogs.elcomercio.es\/largo_de_cafe\/wp-json\/wp\/v2\/comments?post=11665"}],"version-history":[{"count":1,"href":"https:\/\/blogs.elcomercio.es\/largo_de_cafe\/wp-json\/wp\/v2\/posts\/11665\/revisions"}],"predecessor-version":[{"id":11666,"href":"https:\/\/blogs.elcomercio.es\/largo_de_cafe\/wp-json\/wp\/v2\/posts\/11665\/revisions\/11666"}],"wp:attachment":[{"href":"https:\/\/blogs.elcomercio.es\/largo_de_cafe\/wp-json\/wp\/v2\/media?parent=11665"}],"wp:term":[{"taxonomy":"category","embeddable":true,"href":"https:\/\/blogs.elcomercio.es\/largo_de_cafe\/wp-json\/wp\/v2\/categories?post=11665"},{"taxonomy":"post_tag","embeddable":true,"href":"https:\/\/blogs.elcomercio.es\/largo_de_cafe\/wp-json\/wp\/v2\/tags?post=11665"}],"curies":[{"name":"wp","href":"https:\/\/api.w.org\/{rel}","templated":true}]}}