{"id":11667,"date":"2026-05-01T21:50:02","date_gmt":"2026-05-01T19:50:02","guid":{"rendered":"https:\/\/blogs.elcomercio.es\/largo_de_cafe\/?p=11667"},"modified":"2026-05-01T21:50:02","modified_gmt":"2026-05-01T19:50:02","slug":"exonerar-de-responsabilidades","status":"publish","type":"post","link":"https:\/\/blogs.elcomercio.es\/largo_de_cafe\/2026\/05\/01\/exonerar-de-responsabilidades\/","title":{"rendered":"EXONERAR DE RESPONSABILIDADES"},"content":{"rendered":"\n<p>Pleno de la Junta General del Principado. La oposici\u00f3n (PP), c\u00f3mo no, volvi\u00f3 a preguntar al Gobierno sobre la asunci\u00f3n de responsabilidades por el siniestro de la mina de Cerredo. El consejero de Ciencia, Industria y Empleo, Borja S\u00e1nchez, ensay\u00f3 una explicaci\u00f3n de poca monta sobre lo que piensa hacer el Ejecutivo. Como primera tarea va a aplicar las once recomendaciones que constan en el informe interno del Principado. Es la tercera vez que el consejero S\u00e1nchez habla de la prioridad de las citadas recomendaciones. Anunci\u00f3 a la C\u00e1mara que el Gobierno est\u00e1 pendiente de completar la evaluaci\u00f3n de las explotaciones de carb\u00f3n en Asturias, un trabajo que hace conjuntamente con el Instituto de la Transici\u00f3n Justa.<\/p>\n\n\n\n<p>Tras dar rodeos entr\u00f3 en la cuesti\u00f3n principal al afirmar que el dictamen sobre el &#8216;caso Cerredo&#8217; tiene errores y necesita mejoras. No debe preocuparse en demas\u00eda porque para subsanar y mejorar est\u00e1n las enmiendas que presentar\u00e1n los grupos parlamentarios. Critic\u00f3 con dureza que se se\u00f1ale a funcionarios con nombres y apellidos, pudiendo vulnerar la presunci\u00f3n de inocencia. Casi todos los nombres propios que se han pronunciado corresponden a pol\u00edticos o expol\u00edticos. No a funcionarios. No cabe hablar de presunci\u00f3n de inocencia, cuando no se les acusa de cometer un delito, sino de tener responsabilidades pol\u00edticas en el accidente de la mina. Parece mentira que un consejero de Gobierno, con la respuesta escrita por sus asesores en un papel que sosten\u00eda en la mano, no distinga entre responsabilidades pol\u00edticas y presuntas responsabilidades penales.<\/p>\n\n\n\n<p>Covadonga Tom\u00e9, autora del dictamen de la comisi\u00f3n parlamentaria, expres\u00f3 muy bien lo que hab\u00eda detr\u00e1s de las palabras del consejero S\u00e1nchez: \u00abEl Gobierno est\u00e1 m\u00e1s preocupado en buscar argumentos endebles para criticar el dictamen que en profundizar en el esclarecimiento de los hechos y la asunci\u00f3n de responsabilidades\u00bb. Dio en el centro de la diana.<\/p>\n\n\n\n<p>La apelaci\u00f3n a las recomendaciones del informe interno del Principado es una cortina de humo para evitar el reconocimiento de las responsabilidades pol\u00edticas. Si los pol\u00edticos que gestionaban el sector de la miner\u00eda no tienen responsabilidades tras un accidente precedido de irregularidades e ilegalidades, \u00bf cu\u00e1ndo las van a tener? Lo que pretende el socio mayoritario del Gobierno es que la c\u00fapula de las consejer\u00edas (consejeros, directores generales) est\u00e9n exoneradas de responsabilidad per se. Si se da carta de naturaleza a esa gracia, se degrada la democracia.<\/p>\n<!-- AddThis Advanced Settings generic via filter on the_content --><!-- AddThis Share Buttons generic via filter on the_content -->","protected":false},"excerpt":{"rendered":"<p>Pleno de la Junta General del Principado. La oposici\u00f3n (PP), c\u00f3mo no, volvi\u00f3 a preguntar al Gobierno sobre la asunci\u00f3n de responsabilidades por el siniestro de la mina de Cerredo. El consejero de Ciencia, Industria y Empleo, Borja S\u00e1nchez, ensay\u00f3 una explicaci\u00f3n de poca monta sobre lo que piensa hacer el Ejecutivo. Como primera tarea [&hellip;]<!-- AddThis Advanced Settings generic via filter on get_the_excerpt --><!-- AddThis Share Buttons generic via filter on get_the_excerpt --><\/p>\n","protected":false},"author":2,"featured_media":0,"comment_status":"open","ping_status":"open","sticky":false,"template":"","format":"standard","meta":[],"categories":[1],"tags":[],"_links":{"self":[{"href":"https:\/\/blogs.elcomercio.es\/largo_de_cafe\/wp-json\/wp\/v2\/posts\/11667"}],"collection":[{"href":"https:\/\/blogs.elcomercio.es\/largo_de_cafe\/wp-json\/wp\/v2\/posts"}],"about":[{"href":"https:\/\/blogs.elcomercio.es\/largo_de_cafe\/wp-json\/wp\/v2\/types\/post"}],"author":[{"embeddable":true,"href":"https:\/\/blogs.elcomercio.es\/largo_de_cafe\/wp-json\/wp\/v2\/users\/2"}],"replies":[{"embeddable":true,"href":"https:\/\/blogs.elcomercio.es\/largo_de_cafe\/wp-json\/wp\/v2\/comments?post=11667"}],"version-history":[{"count":1,"href":"https:\/\/blogs.elcomercio.es\/largo_de_cafe\/wp-json\/wp\/v2\/posts\/11667\/revisions"}],"predecessor-version":[{"id":11668,"href":"https:\/\/blogs.elcomercio.es\/largo_de_cafe\/wp-json\/wp\/v2\/posts\/11667\/revisions\/11668"}],"wp:attachment":[{"href":"https:\/\/blogs.elcomercio.es\/largo_de_cafe\/wp-json\/wp\/v2\/media?parent=11667"}],"wp:term":[{"taxonomy":"category","embeddable":true,"href":"https:\/\/blogs.elcomercio.es\/largo_de_cafe\/wp-json\/wp\/v2\/categories?post=11667"},{"taxonomy":"post_tag","embeddable":true,"href":"https:\/\/blogs.elcomercio.es\/largo_de_cafe\/wp-json\/wp\/v2\/tags?post=11667"}],"curies":[{"name":"wp","href":"https:\/\/api.w.org\/{rel}","templated":true}]}}