{"id":11669,"date":"2026-05-01T21:51:26","date_gmt":"2026-05-01T19:51:26","guid":{"rendered":"https:\/\/blogs.elcomercio.es\/largo_de_cafe\/?p=11669"},"modified":"2026-05-01T21:51:27","modified_gmt":"2026-05-01T19:51:27","slug":"vuelta-al-bunker","status":"publish","type":"post","link":"https:\/\/blogs.elcomercio.es\/largo_de_cafe\/2026\/05\/01\/vuelta-al-bunker\/","title":{"rendered":"VUELTA AL B\u00daNKER"},"content":{"rendered":"\n<p>Tras el viaje a M\u00e9xico, Adri\u00e1n Barb\u00f3n volvi\u00f3 a la Junta General del Principado para responder a las preguntas de la oposici\u00f3n. Mientras estuvo al otro lado del &#8216;charco&#8217; evit\u00f3 posicionarse sobre la petici\u00f3n de responsabilidades pol\u00edticas por el &#8216;caso Cerredo&#8217;. Tuvo tiempo para polemizar sobre el asunto de la prioridad nacional sobre los migrantes que ha exigido Vox para poner en dificultades al PP, pero de la cuesti\u00f3n candente de la pol\u00edtica asturiana, ni palabra.<\/p>\n\n\n\n<p>Como ya ocurri\u00f3 con otros temas delicados (quita de la deuda), el presidente habl\u00f3 por persona interpuesta: Guillermo Pel\u00e1ez, portavoz y consejero de Hacienda, y Borja S\u00e1nchez, consejero de Ciencia, Industria y Empleo. Ninguno de los dos hizo un papel muy lucido, quiz\u00e1s porque la tesis de la FSA es indefendible: tras el desmadre de las empresas de Chus Mirantes en Cerredo, la Administraci\u00f3n auton\u00f3mica est\u00e1 inmaculada. En el Parlamento no la compr\u00f3 nadie.<\/p>\n\n\n\n<p>Barb\u00f3n no aport\u00f3 nada nuevo a lo ya expuesto por sus portavoces y por Adriana Lastra. El l\u00edder de la oposici\u00f3n, \u00c1lvaro Queipo, realiz\u00f3 una intervenci\u00f3n demoledora, sin gestos ni inflexiones de voz, pero irrefutable: \u00abEl Gobierno gener\u00f3 las condiciones necesarias para que las empresas (Combayl, Blue Solving) operasen en la m\u00e1s absoluta ilegalidad; hubo negligencia pol\u00edtica grav\u00edsima y hay responsabilidades pol\u00edticas directas\u00bb<\/p>\n\n\n\n<p>La respuesta de Barb\u00f3n fue muy endeble, rescatando an\u00e9cdotas tan f\u00fatiles como que Queipo felicit\u00f3 a una consejera cuando la nombraron y no le respondi\u00f3 cuando la cesaron. El \u00fanico elemento m\u00ednimamente novedoso en las intervenciones de Barb\u00f3n fue transformar la cuesti\u00f3n de las responsabilidades pol\u00edticas en materia penal: \u00abNo existe ning\u00fan elemento que diga que quienes ocuparon responsabilidades pol\u00edticas en Industria sean responsables por acci\u00f3n u omisi\u00f3n de los cinco muertos\u00bb. Lo cierto es que nunca se hubiera producido la tragedia sin la laxitud administrativa.<\/p>\n\n\n\n<p>La diputada Tom\u00e9 acus\u00f3 a Barb\u00f3n de enga\u00f1ar a los ciudadanos al mezclar las responsabilidades penales que se sustancian en los tribunales y las pol\u00edticas que se ventilan en el Parlamento. Se\u00f1al\u00f3 que era compatible la denuncia de Blue Solving con la exigencia de responsabilidad pol\u00edtica al Principado por permitir que operara sin mostrar solvencia t\u00e9cnica ni financiera. Barb\u00f3n retom\u00f3 una afirmaci\u00f3n de Lastra: lo m\u00e1s f\u00e1cil ser\u00eda reconocer la responsabilidad de sus exconsejeros. Sin embargo, hace esfuerzos denodados por no llegar a esa situaci\u00f3n.<\/p>\n<!-- AddThis Advanced Settings generic via filter on the_content --><!-- AddThis Share Buttons generic via filter on the_content -->","protected":false},"excerpt":{"rendered":"<p>Tras el viaje a M\u00e9xico, Adri\u00e1n Barb\u00f3n volvi\u00f3 a la Junta General del Principado para responder a las preguntas de la oposici\u00f3n. Mientras estuvo al otro lado del &#8216;charco&#8217; evit\u00f3 posicionarse sobre la petici\u00f3n de responsabilidades pol\u00edticas por el &#8216;caso Cerredo&#8217;. Tuvo tiempo para polemizar sobre el asunto de la prioridad nacional sobre los migrantes [&hellip;]<!-- AddThis Advanced Settings generic via filter on get_the_excerpt --><!-- AddThis Share Buttons generic via filter on get_the_excerpt --><\/p>\n","protected":false},"author":2,"featured_media":0,"comment_status":"open","ping_status":"open","sticky":false,"template":"","format":"standard","meta":[],"categories":[1],"tags":[],"_links":{"self":[{"href":"https:\/\/blogs.elcomercio.es\/largo_de_cafe\/wp-json\/wp\/v2\/posts\/11669"}],"collection":[{"href":"https:\/\/blogs.elcomercio.es\/largo_de_cafe\/wp-json\/wp\/v2\/posts"}],"about":[{"href":"https:\/\/blogs.elcomercio.es\/largo_de_cafe\/wp-json\/wp\/v2\/types\/post"}],"author":[{"embeddable":true,"href":"https:\/\/blogs.elcomercio.es\/largo_de_cafe\/wp-json\/wp\/v2\/users\/2"}],"replies":[{"embeddable":true,"href":"https:\/\/blogs.elcomercio.es\/largo_de_cafe\/wp-json\/wp\/v2\/comments?post=11669"}],"version-history":[{"count":1,"href":"https:\/\/blogs.elcomercio.es\/largo_de_cafe\/wp-json\/wp\/v2\/posts\/11669\/revisions"}],"predecessor-version":[{"id":11670,"href":"https:\/\/blogs.elcomercio.es\/largo_de_cafe\/wp-json\/wp\/v2\/posts\/11669\/revisions\/11670"}],"wp:attachment":[{"href":"https:\/\/blogs.elcomercio.es\/largo_de_cafe\/wp-json\/wp\/v2\/media?parent=11669"}],"wp:term":[{"taxonomy":"category","embeddable":true,"href":"https:\/\/blogs.elcomercio.es\/largo_de_cafe\/wp-json\/wp\/v2\/categories?post=11669"},{"taxonomy":"post_tag","embeddable":true,"href":"https:\/\/blogs.elcomercio.es\/largo_de_cafe\/wp-json\/wp\/v2\/tags?post=11669"}],"curies":[{"name":"wp","href":"https:\/\/api.w.org\/{rel}","templated":true}]}}