{"id":11953,"date":"2026-08-31T00:54:42","date_gmt":"2026-08-30T22:54:42","guid":{"rendered":"https:\/\/blogs.elcomercio.es\/largo_de_cafe\/?p=11953"},"modified":"2026-08-31T00:54:42","modified_gmt":"2026-08-30T22:54:42","slug":"ceses-en-agosto","status":"publish","type":"post","link":"https:\/\/blogs.elcomercio.es\/largo_de_cafe\/2026\/08\/31\/ceses-en-agosto\/","title":{"rendered":"CESES EN AGOSTO"},"content":{"rendered":"\n<p class=\"wp-block-paragraph\">El mes de agosto no fue una balsa de aceite para el Gobierno asturiano. En veinticinco d\u00edas se produjeron ceses, dimisiones y renuncias en la Consejer\u00eda de Sanidad, la Consejer\u00eda de Derechos Sociales y Bienestar y la Consejer\u00eda de Educaci\u00f3n.<\/p>\n\n\n\n<p class=\"wp-block-paragraph\">Con Barb\u00f3n las salidas del Gobierno son ambiguas. No cabe hablar de ca\u00eddas en desgracia porque, a veces, acceden a puestos m\u00e1s golosos (al menos con mayor sueldo). Barb\u00f3n, oficialmente, jam\u00e1s cesa a nadie, son los consejeros los que eligen ir a otros destinos o, por circunstancias personales, renuncian al cargo. Yo creo que ces\u00f3 a unos cuantos (m\u00e1s bien, unas cuantas), pero lo hizo con formas amables y cumpliendo la promesa de que no quede nadie sin trabajo. No hubo otro presidente del Principado que tuviera m\u00e1s habilidad para convertir el drama del cese en una vida plena para los exconsejeros.<\/p>\n\n\n\n<p class=\"wp-block-paragraph\">El cambio m\u00e1s importante es la salida de la consejera, Marta del Arco, sustituida por Nerea Monroy, gerente de Establecimientos Residenciales para Ancianos (ERA). El departamento viv\u00eda en estado de alarma, con abandonos de personal directivo, casi todos con el justificante del m\u00e9dico de cabecera. Una epidemia de bajas, que, al final, tambi\u00e9n alcanz\u00f3 a Marta del Arco.<\/p>\n\n\n\n<p class=\"wp-block-paragraph\">En los siete a\u00f1os que lleva Barb\u00f3n de presidente, ninguna consejer\u00eda result\u00f3 tan ca\u00f3tica como la de Derechos Sociales y Bienestar. A los dos a\u00f1os de gobernar, con Melania \u00c1lvarez de consejera, ya se hab\u00eda organizado el esc\u00e1ndalo del retraso de las ayudas al alquiler de vivienda. Se hizo una convocatoria de subvenciones, publicada en abril de 2021, y dos a\u00f1os m\u00e1s tarde, de 3.600 potenciales beneficiarios, el 70% u 80% no sab\u00edan nada de la ayuda. A los siete meses de empezar la segunda legislatura, Melania \u00c1lvarez abandon\u00f3 el Principado para incorporarse al Senado.<\/p>\n\n\n\n<p class=\"wp-block-paragraph\">En el actual mandato los problemas de gesti\u00f3n se agudizaron con un sistema de atenci\u00f3n a la Dependencia saturado. Entre las solicitudes de la Dependencia y las demandas de salario social hay 10.000 expedientes apilados. M\u00e1s de 7.300 corresponden a personas con problemas de autonom\u00eda que esperan ser valorados o disfrutar de una prestaci\u00f3n. En la red de geri\u00e1tricos crece la cifra de personas esperando plaza.<\/p>\n\n\n\n<p class=\"wp-block-paragraph\">Problemas de dif\u00edcil soluci\u00f3n que se multiplicaron al cruzarse la incompetencia con la inform\u00e1tica. Al introducir en el sistema la llamada Historia Social \u00danica Electr\u00f3nica, las bases de datos quedaron afectadas, convirtiendo la consejer\u00eda en una Torre de Babel que precis\u00f3 de un par\u00f3n t\u00e9cnico de tres meses. El percance se declar\u00f3 secreto oficial. Nadie se enter\u00f3.<\/p>\n\n\n\n<p class=\"wp-block-paragraph\">A todo ello hay que sumar la problem\u00e1tica de los menores de edad, pariente pobre de la Consejer\u00eda de Derechos Sociales y Bienestar. En este mes hemos conocido dos episodios graves, uno en el centro de menores de Sograndio, con peleas, vigilantes heridos y ocho internos huidos. De 53 internos, 23 son mayores de edad. El otro suceso aconteci\u00f3 en el barrio de La Florida (Oviedo) con el vecindario movilizado al saber que se iba a crear un piso de menores tutelados.<\/p>\n\n\n\n<p class=\"wp-block-paragraph\">A esto tendr\u00e1 que enfrentarse Nerea Monroy, destacada sindicalista de la Un\u00f3n General de Trabajadores (UGT).<\/p>\n\n\n\n<p class=\"wp-block-paragraph\">En v\u00edsperas del inicio del curso escolar, la consejera de Educaci\u00f3n, Eva Ledo, depur\u00f3 su equipo directivo mandando para casa a Paula Fern\u00e1ndez. En junio de 2025, al ser nombrada consejera, Eva Ledo hizo los dos principales nombramientos: Paula Fern\u00e1ndez, directora general de centros y red 0-3, y Dolores Bueno, directora general de inclusi\u00f3n educativa y ordenaci\u00f3n. Esta \u00faltima sustitu\u00eda a David Artime, mano derecha de Lydia Espina.<\/p>\n\n\n\n<p class=\"wp-block-paragraph\">La forma de arrancar de Eva Ledo era muy distinta a sus dos inmediatas antecesoras; optaba por personas de mayor prestigio en el mundo educativo. Ahora, sin previo aviso, prescinde de Paula Fern\u00e1ndez, inspectora de Educaci\u00f3n, una de las personas que mejor conoce los centros escolares de Asturias y de probada capacidad de trabajo. Con ella tambi\u00e9n despide a C\u00e9sar Gonz\u00e1lez, director general de personal.<\/p>\n\n\n\n<p class=\"wp-block-paragraph\">\u00bfA qu\u00e9 se deben los cambios? La falta de transparencia en el Principado impide responder con certeza a ese interrogante. Me inclino a pensar que Barb\u00f3n ajusta su equipo para la batalla electoral que se avecina.<\/p>\n\n\n\n<p class=\"wp-block-paragraph\">El 3 de agosto conocimos el cese de Aquilino Alonso como director-gerente del Servicio de Salud del Principado (Sespa). La consejera, Concepci\u00f3n Saavedra eligi\u00f3 para sustituirlo a Juan Jos\u00e9 Alonso Ordiales, hasta hace unos meses concejal socialista del Ayuntamiento de Gij\u00f3n.<\/p>\n\n\n\n<p class=\"wp-block-paragraph\">Y dicen que en verano no hay actividad pol\u00edtica.<\/p>\n<!-- AddThis Advanced Settings generic via filter on the_content --><!-- AddThis Share Buttons generic via filter on the_content -->","protected":false},"excerpt":{"rendered":"<p>El mes de agosto no fue una balsa de aceite para el Gobierno asturiano. En veinticinco d\u00edas se produjeron ceses, dimisiones y renuncias en la Consejer\u00eda de Sanidad, la Consejer\u00eda de Derechos Sociales y Bienestar y la Consejer\u00eda de Educaci\u00f3n. Con Barb\u00f3n las salidas del Gobierno son ambiguas. No cabe hablar de ca\u00eddas en desgracia [&hellip;]<!-- AddThis Advanced Settings generic via filter on get_the_excerpt --><!-- AddThis Share Buttons generic via filter on get_the_excerpt --><\/p>\n","protected":false},"author":2,"featured_media":0,"comment_status":"open","ping_status":"open","sticky":false,"template":"","format":"standard","meta":{"footnotes":""},"categories":[1],"tags":[],"class_list":["post-11953","post","type-post","status-publish","format-standard","hentry","category-uncategorized"],"_links":{"self":[{"href":"https:\/\/blogs.elcomercio.es\/largo_de_cafe\/wp-json\/wp\/v2\/posts\/11953","targetHints":{"allow":["GET"]}}],"collection":[{"href":"https:\/\/blogs.elcomercio.es\/largo_de_cafe\/wp-json\/wp\/v2\/posts"}],"about":[{"href":"https:\/\/blogs.elcomercio.es\/largo_de_cafe\/wp-json\/wp\/v2\/types\/post"}],"author":[{"embeddable":true,"href":"https:\/\/blogs.elcomercio.es\/largo_de_cafe\/wp-json\/wp\/v2\/users\/2"}],"replies":[{"embeddable":true,"href":"https:\/\/blogs.elcomercio.es\/largo_de_cafe\/wp-json\/wp\/v2\/comments?post=11953"}],"version-history":[{"count":1,"href":"https:\/\/blogs.elcomercio.es\/largo_de_cafe\/wp-json\/wp\/v2\/posts\/11953\/revisions"}],"predecessor-version":[{"id":11954,"href":"https:\/\/blogs.elcomercio.es\/largo_de_cafe\/wp-json\/wp\/v2\/posts\/11953\/revisions\/11954"}],"wp:attachment":[{"href":"https:\/\/blogs.elcomercio.es\/largo_de_cafe\/wp-json\/wp\/v2\/media?parent=11953"}],"wp:term":[{"taxonomy":"category","embeddable":true,"href":"https:\/\/blogs.elcomercio.es\/largo_de_cafe\/wp-json\/wp\/v2\/categories?post=11953"},{"taxonomy":"post_tag","embeddable":true,"href":"https:\/\/blogs.elcomercio.es\/largo_de_cafe\/wp-json\/wp\/v2\/tags?post=11953"}],"curies":[{"name":"wp","href":"https:\/\/api.w.org\/{rel}","templated":true}]}}