{"id":11957,"date":"2026-09-01T21:55:00","date_gmt":"2026-09-01T19:55:00","guid":{"rendered":"https:\/\/blogs.elcomercio.es\/largo_de_cafe\/?p=11957"},"modified":"2026-09-01T21:55:01","modified_gmt":"2026-09-01T19:55:01","slug":"desnorte-politico","status":"publish","type":"post","link":"https:\/\/blogs.elcomercio.es\/largo_de_cafe\/2026\/09\/01\/desnorte-politico\/","title":{"rendered":"DESNORTE POL\u00cdTICO"},"content":{"rendered":"\n<p class=\"wp-block-paragraph\">La propuesta de Ovidio Zapico (IU), coordinador general de IU, de convocar una reuni\u00f3n de la comisi\u00f3n de seguimiento del pacto de la izquierda (PSOE-IU) no ha prosperado. Finalizan las vacaciones y queda una semana para inaugurar el curso pol\u00edtico con el pleno parlamentario institucional del D\u00eda de Asturias (8 de septiembre), sin que haya atisbo de reuni\u00f3n. La petici\u00f3n de Zapico fue en mayo y los socialistas no se dieron por concernidos. El l\u00edder de IU quer\u00eda chequear algunos temas que est\u00e1n en el centro del debate pol\u00edtico, como vivienda, sanidad, medio ambiente y servicios sociales. Pretend\u00eda llegar a acuerdos sobre ellos para poder negociar modificaciones fiscales, \u00fanico asunto que le urge al PSOE para rebajar la presi\u00f3n fiscal sobre las clases medias. Sin acuerdos en los cap\u00edtulos elegidos por IU, no habr\u00e1 modificaci\u00f3n fiscal.<\/p>\n\n\n\n<p class=\"wp-block-paragraph\">La bravata lanzada por IU no intimid\u00f3 a nadie y llegamos a septiembre sin comisi\u00f3n de seguimiento, sin chequear las pol\u00edticas sociales y sin rebajas fiscales. Como cualquier otro verano. Ante este escenario no imaginado, Zapico vuelve a la carga cambiando de calendario. Ahora pone como fecha l\u00edmite para los acuerdos de la izquierda el comienzo del debate sobre el estado de la regi\u00f3n (finales de septiembre). Tambi\u00e9n cambia de amenaza: de no llegar a acuerdos, cada partido ir\u00e1 por su lado en el debate sobre el estado de la regi\u00f3n.<\/p>\n\n\n\n<p class=\"wp-block-paragraph\">La iniciativa de Ovidio Zapico tiene solo finalidades electorales. Con su plan trata de colocarse en el centro del debate, planteando exigencias a un partido (PSOE) que le sextuplica en esca\u00f1os y tiene nueve veces m\u00e1s de consejeros en el Gobierno. A ello a\u00f1adamos que IU no tiene ning\u00fan elemento de presi\u00f3n. No est\u00e1 en condiciones de abandonar el Gobierno porque arruinar\u00eda el trabajo hecho estos cuatro a\u00f1os ni puede forjar un pacto a la griega con el centro-derecha sin quedarse sin electorado. Intervenir por libre en el debate sobre el estado de la regi\u00f3n no pasa de ser una medida inocua. Lo m\u00e1s criticable del plan de IU no son sus exigencias e intenciones, sino el desnorte pol\u00edtico.<\/p>\n\n\n\n<p class=\"wp-block-paragraph\">Me explico. Hacer una reflexi\u00f3n profunda sobre el conjunto de medidas a aplicar en los \u00faltimos meses, convertir el debate sobre el estado de la regi\u00f3n en un trampol\u00edn para tomar la iniciativa pol\u00edtica cuando se acaba el mandato, no deja de ser un disparate. C\u00f3mo nos va a convencer IU de los objetivos que va a lograr en ese m\u00ednimo tiempo, si no lo ha hecho en tres a\u00f1os y medio. Solo les queda aprobar el presupuesto y hacer el programa electoral.<\/p>\n<!-- AddThis Advanced Settings generic via filter on the_content --><!-- AddThis Share Buttons generic via filter on the_content -->","protected":false},"excerpt":{"rendered":"<p>La propuesta de Ovidio Zapico (IU), coordinador general de IU, de convocar una reuni\u00f3n de la comisi\u00f3n de seguimiento del pacto de la izquierda (PSOE-IU) no ha prosperado. Finalizan las vacaciones y queda una semana para inaugurar el curso pol\u00edtico con el pleno parlamentario institucional del D\u00eda de Asturias (8 de septiembre), sin que haya [&hellip;]<!-- AddThis Advanced Settings generic via filter on get_the_excerpt --><!-- AddThis Share Buttons generic via filter on get_the_excerpt --><\/p>\n","protected":false},"author":2,"featured_media":0,"comment_status":"open","ping_status":"open","sticky":false,"template":"","format":"standard","meta":{"footnotes":""},"categories":[1],"tags":[],"class_list":["post-11957","post","type-post","status-publish","format-standard","hentry","category-uncategorized"],"_links":{"self":[{"href":"https:\/\/blogs.elcomercio.es\/largo_de_cafe\/wp-json\/wp\/v2\/posts\/11957","targetHints":{"allow":["GET"]}}],"collection":[{"href":"https:\/\/blogs.elcomercio.es\/largo_de_cafe\/wp-json\/wp\/v2\/posts"}],"about":[{"href":"https:\/\/blogs.elcomercio.es\/largo_de_cafe\/wp-json\/wp\/v2\/types\/post"}],"author":[{"embeddable":true,"href":"https:\/\/blogs.elcomercio.es\/largo_de_cafe\/wp-json\/wp\/v2\/users\/2"}],"replies":[{"embeddable":true,"href":"https:\/\/blogs.elcomercio.es\/largo_de_cafe\/wp-json\/wp\/v2\/comments?post=11957"}],"version-history":[{"count":1,"href":"https:\/\/blogs.elcomercio.es\/largo_de_cafe\/wp-json\/wp\/v2\/posts\/11957\/revisions"}],"predecessor-version":[{"id":11958,"href":"https:\/\/blogs.elcomercio.es\/largo_de_cafe\/wp-json\/wp\/v2\/posts\/11957\/revisions\/11958"}],"wp:attachment":[{"href":"https:\/\/blogs.elcomercio.es\/largo_de_cafe\/wp-json\/wp\/v2\/media?parent=11957"}],"wp:term":[{"taxonomy":"category","embeddable":true,"href":"https:\/\/blogs.elcomercio.es\/largo_de_cafe\/wp-json\/wp\/v2\/categories?post=11957"},{"taxonomy":"post_tag","embeddable":true,"href":"https:\/\/blogs.elcomercio.es\/largo_de_cafe\/wp-json\/wp\/v2\/tags?post=11957"}],"curies":[{"name":"wp","href":"https:\/\/api.w.org\/{rel}","templated":true}]}}