{"id":11959,"date":"2026-09-01T21:56:40","date_gmt":"2026-09-01T19:56:40","guid":{"rendered":"https:\/\/blogs.elcomercio.es\/largo_de_cafe\/?p=11959"},"modified":"2026-09-01T21:56:41","modified_gmt":"2026-09-01T19:56:41","slug":"mision-de-nueve-meses","status":"publish","type":"post","link":"https:\/\/blogs.elcomercio.es\/largo_de_cafe\/2026\/09\/01\/mision-de-nueve-meses\/","title":{"rendered":"MISI\u00d3N DE NUEVE MESES"},"content":{"rendered":"\n<p class=\"wp-block-paragraph\">Nerea Monroy ha tomado posesi\u00f3n como titular de la Consejer\u00eda de Derechos Sociales y Bienestar. La exdirectora de los Establecimientos Residenciales para Ancianos (ERA) traslad\u00f3 convicci\u00f3n y entrega en sus primeras palabras, \u00abvoy a trabajar incesantemente para fortalecer el Estado de Bienestar; los derechos sociales son el pilar fundamental; la calidad de una democracia se mide por su riqueza y por c\u00f3mo protege a los ciudadanos\u00bb. La nueva consejera dice que va a trabajar con los profesionales, el tercer sector (entidades privadas sin \u00e1nimo de luco e independientes de las administraciones) y los ayuntamientos. Adri\u00e1n Barb\u00f3n, tras presidir la toma de posesi\u00f3n, se refiri\u00f3 a las tareas pendientes que debe abordar: cumplir con el plazo legal m\u00e1ximo de 180 d\u00edas desde la recepci\u00f3n de las solicitudes de la Dependencia hasta la valoraci\u00f3n de cada una de ellas y la asignaci\u00f3n de la prestaci\u00f3n correspondiente; entre las tareas tambi\u00e9n est\u00e1 la oferta de los geri\u00e1tricos que tienen una larga lista de espera, con 3.600 peticiones sin resolver. El presidente del Principado encomend\u00f3 a la consejera la b\u00fasqueda de una nueva directora-gerente para los Establecimientos Residenciales para Ancianos (ERA). Aunque no haya salido a colaci\u00f3n en los discursos, la situaci\u00f3n de los menores tutelados debe formar parte de las cuestiones urgentes a resolver.<\/p>\n\n\n\n<p class=\"wp-block-paragraph\">Con Nerea Monroy son tres las mujeres que se ponen al frente de la Consejer\u00eda de Derechos Sociales y Bienestar en este mandato. Las dos primeras pusieron ilusi\u00f3n y trabajo, pero fallaron al gestionar. Las principales prestaciones (Dependencia, residencias) acumularon listas de espera muy por encima de lo razonable. En estos momentos hay m\u00e1s de 11.000 peticiones de Dependencia, Salario Social B\u00e1sico y plaza geri\u00e1trica sin atender, lo que significa un fracaso sin paliativos. La gesti\u00f3n de Nerea Monroy, a diferencia de sus antecesoras en el cargo, es de corto plazo: nueve meses.<\/p>\n\n\n\n<p class=\"wp-block-paragraph\">Ese es el tiempo que media entre la toma de posesi\u00f3n y las elecciones. Como los datos actuales en las prestaciones sociales son tan malos es muy probable que con ella mejoren algo, pero es muy dif\u00edcil que permitan hablar de una situaci\u00f3n normalizada, sin huella del cataclismo provocado por la implantaci\u00f3n de la Historia Social \u00danica Electr\u00f3nica (HSUE). Barb\u00f3n pone como meta resolver los expedientes de Dependencia en 180 d\u00edas. En la actualidad est\u00e1 en 421 d\u00edas. Por no hablar de la lista en los geri\u00e1tricos, donde la demanda es mayor que las plazas ofertadas.<\/p>\n<!-- AddThis Advanced Settings generic via filter on the_content --><!-- AddThis Share Buttons generic via filter on the_content -->","protected":false},"excerpt":{"rendered":"<p>Nerea Monroy ha tomado posesi\u00f3n como titular de la Consejer\u00eda de Derechos Sociales y Bienestar. La exdirectora de los Establecimientos Residenciales para Ancianos (ERA) traslad\u00f3 convicci\u00f3n y entrega en sus primeras palabras, \u00abvoy a trabajar incesantemente para fortalecer el Estado de Bienestar; los derechos sociales son el pilar fundamental; la calidad de una democracia se [&hellip;]<!-- AddThis Advanced Settings generic via filter on get_the_excerpt --><!-- AddThis Share Buttons generic via filter on get_the_excerpt --><\/p>\n","protected":false},"author":2,"featured_media":0,"comment_status":"open","ping_status":"open","sticky":false,"template":"","format":"standard","meta":{"footnotes":""},"categories":[1],"tags":[],"class_list":["post-11959","post","type-post","status-publish","format-standard","hentry","category-uncategorized"],"_links":{"self":[{"href":"https:\/\/blogs.elcomercio.es\/largo_de_cafe\/wp-json\/wp\/v2\/posts\/11959","targetHints":{"allow":["GET"]}}],"collection":[{"href":"https:\/\/blogs.elcomercio.es\/largo_de_cafe\/wp-json\/wp\/v2\/posts"}],"about":[{"href":"https:\/\/blogs.elcomercio.es\/largo_de_cafe\/wp-json\/wp\/v2\/types\/post"}],"author":[{"embeddable":true,"href":"https:\/\/blogs.elcomercio.es\/largo_de_cafe\/wp-json\/wp\/v2\/users\/2"}],"replies":[{"embeddable":true,"href":"https:\/\/blogs.elcomercio.es\/largo_de_cafe\/wp-json\/wp\/v2\/comments?post=11959"}],"version-history":[{"count":1,"href":"https:\/\/blogs.elcomercio.es\/largo_de_cafe\/wp-json\/wp\/v2\/posts\/11959\/revisions"}],"predecessor-version":[{"id":11960,"href":"https:\/\/blogs.elcomercio.es\/largo_de_cafe\/wp-json\/wp\/v2\/posts\/11959\/revisions\/11960"}],"wp:attachment":[{"href":"https:\/\/blogs.elcomercio.es\/largo_de_cafe\/wp-json\/wp\/v2\/media?parent=11959"}],"wp:term":[{"taxonomy":"category","embeddable":true,"href":"https:\/\/blogs.elcomercio.es\/largo_de_cafe\/wp-json\/wp\/v2\/categories?post=11959"},{"taxonomy":"post_tag","embeddable":true,"href":"https:\/\/blogs.elcomercio.es\/largo_de_cafe\/wp-json\/wp\/v2\/tags?post=11959"}],"curies":[{"name":"wp","href":"https:\/\/api.w.org\/{rel}","templated":true}]}}