{"id":11961,"date":"2026-09-02T22:30:12","date_gmt":"2026-09-02T20:30:12","guid":{"rendered":"https:\/\/blogs.elcomercio.es\/largo_de_cafe\/?p=11961"},"modified":"2026-09-02T22:30:12","modified_gmt":"2026-09-02T20:30:12","slug":"todos-con-ceuta","status":"publish","type":"post","link":"https:\/\/blogs.elcomercio.es\/largo_de_cafe\/2026\/09\/02\/todos-con-ceuta\/","title":{"rendered":"TODOS CON CEUTA"},"content":{"rendered":"\n<p class=\"wp-block-paragraph\">Las concentraciones ante los ayuntamientos que habr\u00e1 hoy, convocadas por la Federaci\u00f3n Espa\u00f1ola de Municipios y Provincias (FEMP), tienen una importancia capital porque es la primera vez que de una forma organizada los espa\u00f1oles podemos mostrar la solidaridad con Ceuta desde el inicio de la ocupaci\u00f3n de la ciudad por parte de 72.000 personas que entraron de forma ilegal. La situaci\u00f3n en que est\u00e1n los ceut\u00edes, el da\u00f1o para la convivencia y la econom\u00eda causado por la avalancha de casi tantas personas como las que hay censadas en Ceuta, colocan a la ciudad aut\u00f3noma ante la peor crisis desde la guerra civil. Mostrar solidaridad equivale a reconocernos como part\u00edcipes de una misma naci\u00f3n y estar dispuestos a realizar todos los esfuerzos que sean necesarios para recobrar el orden, la seguridad y la forma de vida habitual en la ciudad.<\/p>\n\n\n\n<p class=\"wp-block-paragraph\">La crisis no se va a resolver por s\u00ed sola. Fue causada por el Gobierno de Marruecos, animando a sus s\u00fabditos (las caracter\u00edsticas de su sistema pol\u00edtico impiden hablar con rigor de ciudadanos) a pasar la frontera, y contemplada con incomprensible pasividad por el Gobierno de Pedro S\u00e1nchez. La crisis quedar\u00e1 zanjada cuando todos los que entraron irregularmente recorran el camino inverso (los menores de edad deber\u00e1n seguir la normativa legal).<\/p>\n\n\n\n<p class=\"wp-block-paragraph\">En Asturias, la izquierda, en bloque, rechaza acudir a las concentraciones, aunque lo hacen por causas diversas. El PSOE, partido ampliamente mayoritario en ese espacio ideol\u00f3gico, llama a militantes y votantes a no ir a los ayuntamientos porque, seg\u00fan dicen, la protesta es contra Pedro S\u00e1nchez. La movilizaci\u00f3n es para expresar apoyo a una ciudad espa\u00f1ola que atraviesa una situaci\u00f3n muy dif\u00edcil. La superaci\u00f3n del problema implica expulsar a los ilegales. Ese es el n\u00facleo de la protesta: apoyo a ceut\u00edes, rechazo a los que invadieron su ciudad. El problema para los socialistas es que todo lo sucedido no hubiera pasado si Pedro S\u00e1nchez se hubiera comportado como cualquier otro presidente europeo. Su absoluta pasividad ray\u00f3 en la indolencia. Durante m\u00e1s de tres semanas dej\u00f3 a Ceuta a su suerte porque estaba de vacaciones. El Gobierno se abstuvo, mientras el presidente se solazaba.<\/p>\n\n\n\n<p class=\"wp-block-paragraph\">La otra izquierda, Convocatoria por Asturias y Somos, cree que el peligro, el bien a defender, es el bienestar de los ilegales. Abominan de la convocatoria de la FEMP. Van a participar en las manifestaciones antirracistas. S\u00f3lo les falt\u00f3 pedir que todos los ilegales tengan la nacionalidad espa\u00f1ola, por v\u00eda de urgencia.<\/p>\n\n\n\n<p class=\"wp-block-paragraph\"><\/p>\n<!-- AddThis Advanced Settings generic via filter on the_content --><!-- AddThis Share Buttons generic via filter on the_content -->","protected":false},"excerpt":{"rendered":"<p>Las concentraciones ante los ayuntamientos que habr\u00e1 hoy, convocadas por la Federaci\u00f3n Espa\u00f1ola de Municipios y Provincias (FEMP), tienen una importancia capital porque es la primera vez que de una forma organizada los espa\u00f1oles podemos mostrar la solidaridad con Ceuta desde el inicio de la ocupaci\u00f3n de la ciudad por parte de 72.000 personas que [&hellip;]<!-- AddThis Advanced Settings generic via filter on get_the_excerpt --><!-- AddThis Share Buttons generic via filter on get_the_excerpt --><\/p>\n","protected":false},"author":2,"featured_media":0,"comment_status":"open","ping_status":"open","sticky":false,"template":"","format":"standard","meta":{"footnotes":""},"categories":[1],"tags":[],"class_list":["post-11961","post","type-post","status-publish","format-standard","hentry","category-uncategorized"],"_links":{"self":[{"href":"https:\/\/blogs.elcomercio.es\/largo_de_cafe\/wp-json\/wp\/v2\/posts\/11961","targetHints":{"allow":["GET"]}}],"collection":[{"href":"https:\/\/blogs.elcomercio.es\/largo_de_cafe\/wp-json\/wp\/v2\/posts"}],"about":[{"href":"https:\/\/blogs.elcomercio.es\/largo_de_cafe\/wp-json\/wp\/v2\/types\/post"}],"author":[{"embeddable":true,"href":"https:\/\/blogs.elcomercio.es\/largo_de_cafe\/wp-json\/wp\/v2\/users\/2"}],"replies":[{"embeddable":true,"href":"https:\/\/blogs.elcomercio.es\/largo_de_cafe\/wp-json\/wp\/v2\/comments?post=11961"}],"version-history":[{"count":1,"href":"https:\/\/blogs.elcomercio.es\/largo_de_cafe\/wp-json\/wp\/v2\/posts\/11961\/revisions"}],"predecessor-version":[{"id":11962,"href":"https:\/\/blogs.elcomercio.es\/largo_de_cafe\/wp-json\/wp\/v2\/posts\/11961\/revisions\/11962"}],"wp:attachment":[{"href":"https:\/\/blogs.elcomercio.es\/largo_de_cafe\/wp-json\/wp\/v2\/media?parent=11961"}],"wp:term":[{"taxonomy":"category","embeddable":true,"href":"https:\/\/blogs.elcomercio.es\/largo_de_cafe\/wp-json\/wp\/v2\/categories?post=11961"},{"taxonomy":"post_tag","embeddable":true,"href":"https:\/\/blogs.elcomercio.es\/largo_de_cafe\/wp-json\/wp\/v2\/tags?post=11961"}],"curies":[{"name":"wp","href":"https:\/\/api.w.org\/{rel}","templated":true}]}}