{"id":11963,"date":"2026-09-03T22:38:27","date_gmt":"2026-09-03T20:38:27","guid":{"rendered":"https:\/\/blogs.elcomercio.es\/largo_de_cafe\/?p=11963"},"modified":"2026-09-03T22:38:28","modified_gmt":"2026-09-03T20:38:28","slug":"las-plazas-de-espana","status":"publish","type":"post","link":"https:\/\/blogs.elcomercio.es\/largo_de_cafe\/2026\/09\/03\/las-plazas-de-espana\/","title":{"rendered":"LAS PLAZAS DE ESPA\u00d1A"},"content":{"rendered":"\n<p class=\"wp-block-paragraph\">El informe del Centro Nacional de Inmigraci\u00f3n y Fronteras, encargado por la magistrada de la Audiencia Nacional Mar\u00eda Tard\u00f3n, echa por tierra la versi\u00f3n del&nbsp;Gobierno sobre la ocupaci\u00f3n de Ceuta, impulsada por una imaginaria internacional de extrema derecha que tendr\u00eda una llamativa concomitancia con Israel y Rusia. As\u00ed lo explic\u00f3 Pedro S\u00e1nchez en su primera intervenci\u00f3n medi\u00e1tica tras disfrutar durante veintitantos d\u00edas de una singular estancia en La Mareta (Lanzarote). Frente a esa versi\u00f3n fantasiosa, la Polic\u00eda Nacional desgrana en su informe c\u00f3mo la invasi\u00f3n tuvo una planificaci\u00f3n previa, que lejos de ser producto de alguna mafia, estuvo guiada por la polic\u00eda marroqu\u00ed.<\/p>\n\n\n\n<p class=\"wp-block-paragraph\">La Polic\u00eda insiste en que la ocupaci\u00f3n ilegal de m\u00e1s de 70.000 personas en Ceuta tuvo una autor\u00eda intelectual antes de acontecer la avalancha humana; el trabajo de una mano oculta tambi\u00e9n estuvo presente haciendo seguimiento y control de la ocupaci\u00f3n. En el informe se habla de una direcci\u00f3n estrat\u00e9gica operacional para indicar la zona concreta de acceso a la ciudad y controlar las diferentes fases y perfiles del acceso (primero entrar\u00edan hombres j\u00f3venes, abriendo el paso a mujeres y ni\u00f1os).<\/p>\n\n\n\n<p class=\"wp-block-paragraph\">Tanto Pedro S\u00e1nchez, como los ministros que m\u00e1s intervinieron en el debate sobre la crisis de Ceuta (Fernando Grande-Marlaska, \u00c1ngel V\u00edctor Torres, Elma Sa\u00edz, etc.) defendiendo la tesis de que Marruecos no hab\u00eda participado en la ocupaci\u00f3n, comport\u00e1ndose como un socio fiable, han visto c\u00f3mo su imagen queda profundamente da\u00f1ada. Se ha abierto un abismo entre la opini\u00f3n p\u00fablica y el Gobierno de Espa\u00f1a como nunca antes hab\u00eda ocurrido en nuestra democracia. Ese choque entre lo que se palpa y lo que el Ejecutivo se empe\u00f1a en mantener ha ayudado a la gran movilizaci\u00f3n en las plazas de Espa\u00f1a.<\/p>\n\n\n\n<p class=\"wp-block-paragraph\">La espa\u00f1olidad de Ceuta no ofrece duda para los ciudadanos. Hay una irritaci\u00f3n generalizada por la falta de ayudas del Gobierno al no reducir a los ilegales, permitiendo que sigan campando a sus anchas por Ceuta. No se entiende que no se haya enviado a m\u00e1s polic\u00edas ni la negativa a que vayan armados. Emocionante la bandera de Ceuta colgando en los balcones de nuestros principales ayuntamientos. La posici\u00f3n del Partido Socialista, llamando a sus militantes a no ir a las concentraciones porque se iba a criticar a Pedro S\u00e1nchez, es muy lamentable. Como siempre, entre la gran mayor\u00eda de posturas acomodaticias siempre hay gente con personalidad, valent\u00eda y honradez, como el alcalde de Villaviciosa, Alejandro Vega Riego.<\/p>\n<!-- AddThis Advanced Settings generic via filter on the_content --><!-- AddThis Share Buttons generic via filter on the_content -->","protected":false},"excerpt":{"rendered":"<p>El informe del Centro Nacional de Inmigraci\u00f3n y Fronteras, encargado por la magistrada de la Audiencia Nacional Mar\u00eda Tard\u00f3n, echa por tierra la versi\u00f3n del&nbsp;Gobierno sobre la ocupaci\u00f3n de Ceuta, impulsada por una imaginaria internacional de extrema derecha que tendr\u00eda una llamativa concomitancia con Israel y Rusia. As\u00ed lo explic\u00f3 Pedro S\u00e1nchez en su primera [&hellip;]<!-- AddThis Advanced Settings generic via filter on get_the_excerpt --><!-- AddThis Share Buttons generic via filter on get_the_excerpt --><\/p>\n","protected":false},"author":2,"featured_media":0,"comment_status":"open","ping_status":"open","sticky":false,"template":"","format":"standard","meta":{"footnotes":""},"categories":[1],"tags":[],"class_list":["post-11963","post","type-post","status-publish","format-standard","hentry","category-uncategorized"],"_links":{"self":[{"href":"https:\/\/blogs.elcomercio.es\/largo_de_cafe\/wp-json\/wp\/v2\/posts\/11963","targetHints":{"allow":["GET"]}}],"collection":[{"href":"https:\/\/blogs.elcomercio.es\/largo_de_cafe\/wp-json\/wp\/v2\/posts"}],"about":[{"href":"https:\/\/blogs.elcomercio.es\/largo_de_cafe\/wp-json\/wp\/v2\/types\/post"}],"author":[{"embeddable":true,"href":"https:\/\/blogs.elcomercio.es\/largo_de_cafe\/wp-json\/wp\/v2\/users\/2"}],"replies":[{"embeddable":true,"href":"https:\/\/blogs.elcomercio.es\/largo_de_cafe\/wp-json\/wp\/v2\/comments?post=11963"}],"version-history":[{"count":1,"href":"https:\/\/blogs.elcomercio.es\/largo_de_cafe\/wp-json\/wp\/v2\/posts\/11963\/revisions"}],"predecessor-version":[{"id":11964,"href":"https:\/\/blogs.elcomercio.es\/largo_de_cafe\/wp-json\/wp\/v2\/posts\/11963\/revisions\/11964"}],"wp:attachment":[{"href":"https:\/\/blogs.elcomercio.es\/largo_de_cafe\/wp-json\/wp\/v2\/media?parent=11963"}],"wp:term":[{"taxonomy":"category","embeddable":true,"href":"https:\/\/blogs.elcomercio.es\/largo_de_cafe\/wp-json\/wp\/v2\/categories?post=11963"},{"taxonomy":"post_tag","embeddable":true,"href":"https:\/\/blogs.elcomercio.es\/largo_de_cafe\/wp-json\/wp\/v2\/tags?post=11963"}],"curies":[{"name":"wp","href":"https:\/\/api.w.org\/{rel}","templated":true}]}}