{"id":11965,"date":"2026-09-04T19:47:59","date_gmt":"2026-09-04T17:47:59","guid":{"rendered":"https:\/\/blogs.elcomercio.es\/largo_de_cafe\/?p=11965"},"modified":"2026-09-04T19:48:00","modified_gmt":"2026-09-04T17:48:00","slug":"el-coste-politico","status":"publish","type":"post","link":"https:\/\/blogs.elcomercio.es\/largo_de_cafe\/2026\/09\/04\/el-coste-politico\/","title":{"rendered":"EL COSTE POL\u00cdTICO"},"content":{"rendered":"\n<p class=\"wp-block-paragraph\">A las masivas concentraciones en las plazas de Espa\u00f1a, al atardecer del mi\u00e9rcoles, se sum\u00f3 el pleno en el Congreso de los Diputados, en la ma\u00f1ana del jueves, dejando al presidente S\u00e1nchez, a su Gobierno y al grupo parlamentario socialista aislados. En los m\u00e1s de tres a\u00f1os transcurridos de la legislatura m\u00e1s convulsa de la democracia, nunca estuvo tan desprestigiado el Ejecutivo. La degradaci\u00f3n alcanza, como a nadie, a Pedro S\u00e1nchez, un pol\u00edtico que nunca destac\u00f3 por su amor a la verdad, y que ahora ha dejado a la vista de todos que prefiere exculpar a Marruecos \u2013cuando el informe de CENIF (Centro Nacional de Inmigraci\u00f3n y Fronteras) deja a las claras su participaci\u00f3n decisiva en la invasi\u00f3n de Ceuta\u2013 que defender los intereses de los 83.000 ciudadanos de la ciudad aut\u00f3noma.<\/p>\n\n\n\n<p class=\"wp-block-paragraph\">Todos los grupos parlamentarios, tanto la oposici\u00f3n como los socios de la investidura, le han pedido una respuesta firme al r\u00e9gimen alauita, pero el presidente del Gobierno se atrinchera en la patra\u00f1a de que ninguna instituci\u00f3n, nacional o internacional, ha entregado evidencias s\u00f3lidas sobre la participaci\u00f3n de Marruecos en el ataque a la integridad territorial de Espa\u00f1a. El cierre de filas socialista, dictado por el presidente del Gobierno y secretario general del PSOE, erosiona a todo el partido. Es el caso de la Federaci\u00f3n Socialista Asturiana (FSA) y de la gran mayor\u00eda de alcaldes socialistas que siguieron las directrices de Ferraz con el peregrino argumento de que las movilizaciones iba a servir para atacar a Pedro S\u00e1nchez.<\/p>\n\n\n\n<p class=\"wp-block-paragraph\">Hay que reconocer que la conducta de Pedro S\u00e1nchez, disfrutando de veinticuatro d\u00edas de relax en La Mareta (en la isla de Lanzarote), ajeno al drama de Ceuta, no es un ejemplo de responsabilidad pol\u00edtica ni de empat\u00eda con los afectados por la invasi\u00f3n marroqu\u00ed, pero el mayor da\u00f1o lo causa su entente con Marruecos, exoner\u00e1ndole de culpa cuando todos los observadores, y el sentido com\u00fan, lo se\u00f1alan como el causante del ataque a Espa\u00f1a. Es posible que se prolongue la situaci\u00f3n. En 2024, cuando Canarias recibi\u00f3 m\u00e1s de 7.000 inmigrantes en el mes de enero (en todo el a\u00f1o llegaron a sus costas m\u00e1s de 46.000), el Ministerio de Inclusi\u00f3n, Seguridad Social y Migraciones organiz\u00f3 una red en el archipi\u00e9lago de 6.000 a 7.000 plazas de acogida para todo tipo de personas, con independencia de edad y vulnerabilidad. Ahora, llevamos treinta y cuatro d\u00edas de ocupaci\u00f3n, y no se observa ninguna actuaci\u00f3n ministerial semejante. No s\u00e9 si la aparente dejadez oculta una estrategia. Ser\u00eda la peor noticia para los socialistas asturianos y de otras regiones.<\/p>\n<!-- AddThis Advanced Settings generic via filter on the_content --><!-- AddThis Share Buttons generic via filter on the_content -->","protected":false},"excerpt":{"rendered":"<p>A las masivas concentraciones en las plazas de Espa\u00f1a, al atardecer del mi\u00e9rcoles, se sum\u00f3 el pleno en el Congreso de los Diputados, en la ma\u00f1ana del jueves, dejando al presidente S\u00e1nchez, a su Gobierno y al grupo parlamentario socialista aislados. En los m\u00e1s de tres a\u00f1os transcurridos de la legislatura m\u00e1s convulsa de la [&hellip;]<!-- AddThis Advanced Settings generic via filter on get_the_excerpt --><!-- AddThis Share Buttons generic via filter on get_the_excerpt --><\/p>\n","protected":false},"author":2,"featured_media":0,"comment_status":"open","ping_status":"open","sticky":false,"template":"","format":"standard","meta":{"footnotes":""},"categories":[1],"tags":[],"class_list":["post-11965","post","type-post","status-publish","format-standard","hentry","category-uncategorized"],"_links":{"self":[{"href":"https:\/\/blogs.elcomercio.es\/largo_de_cafe\/wp-json\/wp\/v2\/posts\/11965","targetHints":{"allow":["GET"]}}],"collection":[{"href":"https:\/\/blogs.elcomercio.es\/largo_de_cafe\/wp-json\/wp\/v2\/posts"}],"about":[{"href":"https:\/\/blogs.elcomercio.es\/largo_de_cafe\/wp-json\/wp\/v2\/types\/post"}],"author":[{"embeddable":true,"href":"https:\/\/blogs.elcomercio.es\/largo_de_cafe\/wp-json\/wp\/v2\/users\/2"}],"replies":[{"embeddable":true,"href":"https:\/\/blogs.elcomercio.es\/largo_de_cafe\/wp-json\/wp\/v2\/comments?post=11965"}],"version-history":[{"count":1,"href":"https:\/\/blogs.elcomercio.es\/largo_de_cafe\/wp-json\/wp\/v2\/posts\/11965\/revisions"}],"predecessor-version":[{"id":11966,"href":"https:\/\/blogs.elcomercio.es\/largo_de_cafe\/wp-json\/wp\/v2\/posts\/11965\/revisions\/11966"}],"wp:attachment":[{"href":"https:\/\/blogs.elcomercio.es\/largo_de_cafe\/wp-json\/wp\/v2\/media?parent=11965"}],"wp:term":[{"taxonomy":"category","embeddable":true,"href":"https:\/\/blogs.elcomercio.es\/largo_de_cafe\/wp-json\/wp\/v2\/categories?post=11965"},{"taxonomy":"post_tag","embeddable":true,"href":"https:\/\/blogs.elcomercio.es\/largo_de_cafe\/wp-json\/wp\/v2\/tags?post=11965"}],"curies":[{"name":"wp","href":"https:\/\/api.w.org\/{rel}","templated":true}]}}