{"id":11967,"date":"2026-09-06T00:50:07","date_gmt":"2026-09-05T22:50:07","guid":{"rendered":"https:\/\/blogs.elcomercio.es\/largo_de_cafe\/?p=11967"},"modified":"2026-09-06T00:50:07","modified_gmt":"2026-09-05T22:50:07","slug":"financiar-los-privilegios","status":"publish","type":"post","link":"https:\/\/blogs.elcomercio.es\/largo_de_cafe\/2026\/09\/06\/financiar-los-privilegios\/","title":{"rendered":"FINANCIAR LOS PRIVILEGIOS"},"content":{"rendered":"\n<p class=\"wp-block-paragraph\">La reforma del modelo de financiaci\u00f3n auton\u00f3mica planteada por el Gobierno ha sido aprobada en el Consejo de Pol\u00edtica Fiscal y Financiera. El reglamento de&nbsp;la instituci\u00f3n otorga al ministro de Hacienda el mismo n\u00famero de votos que a todas las comunidades del r\u00e9gimen com\u00fan juntas, es decir, quince. Con que una sola comunidad aut\u00f3noma vote a favor de la reforma gubernamental, queda aprobada. En la votaci\u00f3n, trece regiones rechazaron el nuevo modelo y dos (Catalu\u00f1a y Canarias) votaron afirmativamente. De esa manera llega al Congreso de los Diputados la propuesta del Gobierno con una abrumadora mayor\u00eda de territorios en contra.<\/p>\n\n\n\n<p class=\"wp-block-paragraph\">Desde 1980, en que se aprob\u00f3 la Ley Org\u00e1nica de Financiaci\u00f3n de las Comunidades Aut\u00f3nomas, hubo cinco reformas del modelo. Si Las Cortes Generales dan el pl\u00e1cet al nuevo proyecto, ser\u00e1 la sexta reforma. A diferencia de todas las anteriores, el sistema acordado es fruto de un pacto entre Pedro S\u00e1nchez y Oriol Junqueras, l\u00edder de ERC. Es un acuerdo cerrado que no permiti\u00f3 introducir cambios en el texto para que los privilegios de Catalu\u00f1a no se vieran m\u00ednimamente mermados (los representantes de Andaluc\u00eda y Murcia lamentaron que el ministro, Arcadio Espa\u00f1a, rechazara todas sus alegaciones). Como el Gobierno observa la realidad con lentes deformadas, el ministro de Hacienda dijo que hab\u00edan mantenido actitud de di\u00e1logo hasta la extenuaci\u00f3n. Arcadio Espa\u00f1a considera que ser\u00eda muy bueno que el modelo empezar\u00e1 a aplicarse el 1 de enero de 2027. A la Generalitat le vendr\u00eda de perlas al recibir 4.700 millones extra.<\/p>\n\n\n\n<p class=\"wp-block-paragraph\">Hace unos meses el ministro y su equipo sondearon a las comunidades aut\u00f3nomas (no a todas). Llevaban debajo del brazo la misma receta para ganar adhesiones: dotar fondos con recursos espec\u00edficos para cada territorio (se le quita al Estado, y se reparte por el mapa). Un objetivo prioritario eran las comunidades gobernadas por los socialistas (Asturias, Castilla-La Mancha). Adri\u00e1n Barb\u00f3n no compr\u00f3 la mercanc\u00eda de Arcadio Espa\u00f1a. Explic\u00f3 que el problema para Asturias no estaba en recibir m\u00e1s dinero, sino en el modelo. En efecto, la aplicaci\u00f3n del principio de ordinalidad (privilegio concedido a Catalu\u00f1a, no a Madrid) limita injustamente los mecanismos de solidaridad territorial. Para el Principado hay que rehacer la unidad de medida (poblaci\u00f3n ajustada) para calcular correctamente las necesidades de gasto de cada regi\u00f3n. Al o\u00edr los argumentos la delegaci\u00f3n ministerial sali\u00f3 corriendo. Espero el &#8216;no&#8217; del Congreso de los Diputados.<\/p>\n<!-- AddThis Advanced Settings generic via filter on the_content --><!-- AddThis Share Buttons generic via filter on the_content -->","protected":false},"excerpt":{"rendered":"<p>La reforma del modelo de financiaci\u00f3n auton\u00f3mica planteada por el Gobierno ha sido aprobada en el Consejo de Pol\u00edtica Fiscal y Financiera. El reglamento de&nbsp;la instituci\u00f3n otorga al ministro de Hacienda el mismo n\u00famero de votos que a todas las comunidades del r\u00e9gimen com\u00fan juntas, es decir, quince. Con que una sola comunidad aut\u00f3noma vote [&hellip;]<!-- AddThis Advanced Settings generic via filter on get_the_excerpt --><!-- AddThis Share Buttons generic via filter on get_the_excerpt --><\/p>\n","protected":false},"author":2,"featured_media":0,"comment_status":"open","ping_status":"open","sticky":false,"template":"","format":"standard","meta":{"footnotes":""},"categories":[1],"tags":[],"class_list":["post-11967","post","type-post","status-publish","format-standard","hentry","category-uncategorized"],"_links":{"self":[{"href":"https:\/\/blogs.elcomercio.es\/largo_de_cafe\/wp-json\/wp\/v2\/posts\/11967","targetHints":{"allow":["GET"]}}],"collection":[{"href":"https:\/\/blogs.elcomercio.es\/largo_de_cafe\/wp-json\/wp\/v2\/posts"}],"about":[{"href":"https:\/\/blogs.elcomercio.es\/largo_de_cafe\/wp-json\/wp\/v2\/types\/post"}],"author":[{"embeddable":true,"href":"https:\/\/blogs.elcomercio.es\/largo_de_cafe\/wp-json\/wp\/v2\/users\/2"}],"replies":[{"embeddable":true,"href":"https:\/\/blogs.elcomercio.es\/largo_de_cafe\/wp-json\/wp\/v2\/comments?post=11967"}],"version-history":[{"count":1,"href":"https:\/\/blogs.elcomercio.es\/largo_de_cafe\/wp-json\/wp\/v2\/posts\/11967\/revisions"}],"predecessor-version":[{"id":11968,"href":"https:\/\/blogs.elcomercio.es\/largo_de_cafe\/wp-json\/wp\/v2\/posts\/11967\/revisions\/11968"}],"wp:attachment":[{"href":"https:\/\/blogs.elcomercio.es\/largo_de_cafe\/wp-json\/wp\/v2\/media?parent=11967"}],"wp:term":[{"taxonomy":"category","embeddable":true,"href":"https:\/\/blogs.elcomercio.es\/largo_de_cafe\/wp-json\/wp\/v2\/categories?post=11967"},{"taxonomy":"post_tag","embeddable":true,"href":"https:\/\/blogs.elcomercio.es\/largo_de_cafe\/wp-json\/wp\/v2\/tags?post=11967"}],"curies":[{"name":"wp","href":"https:\/\/api.w.org\/{rel}","templated":true}]}}