{"id":12,"date":"2007-07-19T23:41:25","date_gmt":"2007-07-19T23:41:25","guid":{"rendered":"http:\/\/blogs.elcomercio.es\/largo_de_cafe\/?p=12"},"modified":"2007-07-19T23:41:25","modified_gmt":"2007-07-19T23:41:25","slug":"opiniones-del-blog","status":"publish","type":"post","link":"https:\/\/blogs.elcomercio.es\/largo_de_cafe\/2007\/07\/19\/opiniones-del-blog\/","title":{"rendered":"Opiniones del blog"},"content":{"rendered":"<p><P>A Fabona los apa\u00f1os postelectorales le bajan la moral. A m\u00ed, tambi\u00e9n. Y pone&nbsp;Fabona&nbsp;como ejemplo el controvertido tema de los pol\u00edticos\/asesores que aconsejan a los pol\u00edticos\/asesorados en el Ayuntamiento de Gij\u00f3n. Los primeros a 48.000 euros, los otros por el estilo. Hace 20 a\u00f1os el Ayuntamiento de Gij\u00f3n ten\u00eda tres liberados: el alcalde, Areces, y dos concejales, Mar\u00eda Jos\u00e9 Ramos y Jes\u00fas Morales. El resto de concejales cobraban por asistencia a comisiones y plenos, y no exist\u00edan asesores: ni pol\u00edticos ni t\u00e9cnicos.&nbsp;Hagamos la pregunta del millardo: \u00bfSe gestiona mejor ahora los intereses del municipio que entonces? No me convence la figura de los pol\u00edticos\/asesores, como tampoco me convencen los concejales liberados a media jornada del PP, porque en ambos casos lo m\u00e1s importante es el sueldo y lo m\u00e1s prescindible su contribuci\u00f3n a la mejora del Ayuntamiento. <\/P><P>A Elbor no le parece mal la falta de&nbsp;acuerdo entre el PSOE e IU en el Principado. Cree que le vendr\u00e1 bien a los dos partidos, porque se evita que el t\u00e1ndem se convierta en un remedo del PNV con EA. Pues bien, yo no s\u00e9 si les ir\u00e1 bien a los dos grupos de izquierda la ausencia de pacto, pero de lo que estoy seguro es que le vendr\u00e1 muy bien al PP. Ovidio S\u00e1nchez est\u00e1 feliz. A la vuelta del verano, el l\u00edder del PP empezar\u00e1 a proclamar a los cuatro vientos que Asturias est\u00e1 en crisis por las desavencias entre los dos partidos de izquierda. En cuanto al pacto del PNV y EA no hay que olvidar que no servir\u00eda para nada, sin la&nbsp;&#8220;tercera pata&#8221;,&nbsp;la IU de Madrazo. &nbsp;<\/P><\/p>\n<!-- AddThis Advanced Settings generic via filter on the_content --><!-- AddThis Share Buttons generic via filter on the_content -->","protected":false},"excerpt":{"rendered":"<p>A Fabona los apa\u00f1os postelectorales le bajan la moral. A m\u00ed, tambi\u00e9n. Y pone&nbsp;Fabona&nbsp;como ejemplo el controvertido tema de los pol\u00edticos\/asesores que aconsejan a los pol\u00edticos\/asesorados en el Ayuntamiento de Gij\u00f3n. Los primeros a 48.000 euros, los otros por el estilo. Hace 20 a\u00f1os el Ayuntamiento de Gij\u00f3n ten\u00eda tres liberados: el alcalde, Areces, y [&hellip;]<!-- AddThis Advanced Settings generic via filter on get_the_excerpt --><!-- AddThis Share Buttons generic via filter on get_the_excerpt --><\/p>\n","protected":false},"author":2,"featured_media":0,"comment_status":"open","ping_status":"closed","sticky":false,"template":"","format":"standard","meta":[],"categories":[2],"tags":[],"_links":{"self":[{"href":"https:\/\/blogs.elcomercio.es\/largo_de_cafe\/wp-json\/wp\/v2\/posts\/12"}],"collection":[{"href":"https:\/\/blogs.elcomercio.es\/largo_de_cafe\/wp-json\/wp\/v2\/posts"}],"about":[{"href":"https:\/\/blogs.elcomercio.es\/largo_de_cafe\/wp-json\/wp\/v2\/types\/post"}],"author":[{"embeddable":true,"href":"https:\/\/blogs.elcomercio.es\/largo_de_cafe\/wp-json\/wp\/v2\/users\/2"}],"replies":[{"embeddable":true,"href":"https:\/\/blogs.elcomercio.es\/largo_de_cafe\/wp-json\/wp\/v2\/comments?post=12"}],"version-history":[{"count":0,"href":"https:\/\/blogs.elcomercio.es\/largo_de_cafe\/wp-json\/wp\/v2\/posts\/12\/revisions"}],"wp:attachment":[{"href":"https:\/\/blogs.elcomercio.es\/largo_de_cafe\/wp-json\/wp\/v2\/media?parent=12"}],"wp:term":[{"taxonomy":"category","embeddable":true,"href":"https:\/\/blogs.elcomercio.es\/largo_de_cafe\/wp-json\/wp\/v2\/categories?post=12"},{"taxonomy":"post_tag","embeddable":true,"href":"https:\/\/blogs.elcomercio.es\/largo_de_cafe\/wp-json\/wp\/v2\/tags?post=12"}],"curies":[{"name":"wp","href":"https:\/\/api.w.org\/{rel}","templated":true}]}}