{"id":122,"date":"2007-10-31T00:21:43","date_gmt":"2007-10-31T00:21:43","guid":{"rendered":"http:\/\/blogs.elcomercio.es\/largo_de_cafe\/?p=122"},"modified":"2007-10-31T00:21:43","modified_gmt":"2007-10-31T00:21:43","slug":"mucho-juego","status":"publish","type":"post","link":"https:\/\/blogs.elcomercio.es\/largo_de_cafe\/2007\/10\/31\/mucho-juego\/","title":{"rendered":"MUCHO EN JUEGO"},"content":{"rendered":"<p>    La espera de la sentencia sobre el juicio del 11-M se vive con gran expectaci\u00f3n, por parte de las v\u00edctimas, los partidos pol\u00edticos y la sociedad. En el banquillo no hab\u00eda un terrorista estrella, as\u00ed que la atenci\u00f3n est\u00e1 puesta m\u00e1s en los argumentos de la sentencia que en los miles de a\u00f1os de c\u00e1rcel que puedan caer sobre alg\u00fan acusado. El asunto est\u00e1 en saber si la autor\u00eda de los atentados (material e intelectual) recae en c\u00e9lulas islamistas radicales o si en la maquinaci\u00f3n del crimen est\u00e1 tambi\u00e9n implicada ETA o alg\u00fan servicio de informaci\u00f3n extranjero. Social y pol\u00edticamente, esa es la cuesti\u00f3n a dirimir.<br \/>\n    Alg\u00fan peri\u00f3dico y alguna radio apostaron, desde el principio, por la gran trampa. El asunto es largo y alambicado, pero se puede resumir: sectores influyentes del PSOE, en vista que el PP iba a ganar por tercera vez consecutiva las elecciones, tramaron una conjura en la que aparecen implicados gente de ETA y de alg\u00fan servicio de informaci\u00f3n extranjero, para inducir a c\u00e9lulas islamistas a cometer un gran atentado, del que responsabilizar\u00edan al Gobierno por haberse ganado la animadversi\u00f3n de los fundamentalistas por la guerra de Irak. Tras la matanza, los socialistas soliviantaron a las masas contra el Gobierno con la famosa frase de Rubalcaba, \u201clos espa\u00f1oles se merecen un gobierno que no les mienta\u201d. A esta versi\u00f3n, sin sumarse a ella expl\u00edcitamente, le dieron cobertura algunos sectores del PP. Frente esta tesis, se alza el relato de la Fiscal\u00eda, que considera inspiradores y ejecutores de la matanza a los islamistas. El resto de los partidos pol\u00edticos y medios de comunicaci\u00f3n dieron verosimilitud a la investigaci\u00f3n de la Fiscal\u00eda. \u00bfDe qu\u00e9 lado caer\u00e1 la sentencia?<br \/>\n      El d\u00eda que se cometieron los atentados, nadie hubiera imaginado que el juicio sobre los acusados se iba a convertir en una lucha entre los partidos pol\u00edticos, un rifirrafe entre los medios y una pugna entre versiones sobre la autor\u00eda de la matanza. La bronca empez\u00f3 con la comisi\u00f3n de investigaci\u00f3n parlamentaria y termin\u00f3 con la vista oral del juicio en la Audiencia Nacional. La sentencia puede dejar tocado del ala a alg\u00fan partido, cuando todos condenaron con firmeza los atentados de los trenes. As\u00ed de desquiciada es esta legislatura.       <\/p>\n<!-- AddThis Advanced Settings generic via filter on the_content --><!-- AddThis Share Buttons generic via filter on the_content -->","protected":false},"excerpt":{"rendered":"<p>La espera de la sentencia sobre el juicio del 11-M se vive con gran expectaci\u00f3n, por parte de las v\u00edctimas, los partidos pol\u00edticos y la sociedad. En el banquillo no hab\u00eda un terrorista estrella, as\u00ed que la atenci\u00f3n est\u00e1 puesta m\u00e1s en los argumentos de la sentencia que en los miles de a\u00f1os de c\u00e1rcel [&hellip;]<!-- AddThis Advanced Settings generic via filter on get_the_excerpt --><!-- AddThis Share Buttons generic via filter on get_the_excerpt --><\/p>\n","protected":false},"author":2,"featured_media":0,"comment_status":"open","ping_status":"closed","sticky":false,"template":"","format":"standard","meta":[],"categories":[4],"tags":[],"_links":{"self":[{"href":"https:\/\/blogs.elcomercio.es\/largo_de_cafe\/wp-json\/wp\/v2\/posts\/122"}],"collection":[{"href":"https:\/\/blogs.elcomercio.es\/largo_de_cafe\/wp-json\/wp\/v2\/posts"}],"about":[{"href":"https:\/\/blogs.elcomercio.es\/largo_de_cafe\/wp-json\/wp\/v2\/types\/post"}],"author":[{"embeddable":true,"href":"https:\/\/blogs.elcomercio.es\/largo_de_cafe\/wp-json\/wp\/v2\/users\/2"}],"replies":[{"embeddable":true,"href":"https:\/\/blogs.elcomercio.es\/largo_de_cafe\/wp-json\/wp\/v2\/comments?post=122"}],"version-history":[{"count":0,"href":"https:\/\/blogs.elcomercio.es\/largo_de_cafe\/wp-json\/wp\/v2\/posts\/122\/revisions"}],"wp:attachment":[{"href":"https:\/\/blogs.elcomercio.es\/largo_de_cafe\/wp-json\/wp\/v2\/media?parent=122"}],"wp:term":[{"taxonomy":"category","embeddable":true,"href":"https:\/\/blogs.elcomercio.es\/largo_de_cafe\/wp-json\/wp\/v2\/categories?post=122"},{"taxonomy":"post_tag","embeddable":true,"href":"https:\/\/blogs.elcomercio.es\/largo_de_cafe\/wp-json\/wp\/v2\/tags?post=122"}],"curies":[{"name":"wp","href":"https:\/\/api.w.org\/{rel}","templated":true}]}}