{"id":137,"date":"2007-11-16T00:07:33","date_gmt":"2007-11-16T00:07:33","guid":{"rendered":"http:\/\/blogs.elcomercio.es\/largo_de_cafe\/?p=137"},"modified":"2007-11-16T00:07:33","modified_gmt":"2007-11-16T00:07:33","slug":"basta-ya-fondos","status":"publish","type":"post","link":"https:\/\/blogs.elcomercio.es\/largo_de_cafe\/2007\/11\/16\/basta-ya-fondos\/","title":{"rendered":"BASTA YA DE FONDOS"},"content":{"rendered":"<p> El diputado \u00c1lvaro Cuesta contradice a la portavoz del Gobierno regional, Ana Rosa Migoya, al afirmar que el Estatuto de Autonom\u00eda de Asturias debe incluir f\u00f3rmulas que aseguren la financiaci\u00f3n de los ayuntamientos. Esa opini\u00f3n ya la hab\u00eda sustentado la alcaldesa de Gij\u00f3n, Paz Fern\u00e1ndez Felgueroso, poniendo como ejemplo al Estatuto de Catalu\u00f1a que contempla un fondo de cooperaci\u00f3n local al que los ayuntamientos pueden acudir para financiar los proyectos que consideren m\u00e1s convenientes.<br \/>\n    Hubo una \u00e9poca (ya lejana) en que Catalu\u00f1a era un ejemplo de buen gobierno. La mesura, el tacto y un cierto europe\u00edsmo convert\u00edan a esa regi\u00f3n en un modelo que los dem\u00e1s deb\u00edan imitar. Ahora estamos en las ant\u00edpodas de aquel estereotipo, y en Catalu\u00f1a abunda el disparate, como puede comprobar cualquiera que lea el pre\u00e1mbulo del \u201cEstatut\u201d. La idea de enderezar las finanzas de los ayuntamientos desde la letra de los estatutos de autonom\u00eda no deja de ser una forma de desnaturalizar las cartas auton\u00f3micas. Pero lo que ya resulta un desatino es crear un fondo de cooperaci\u00f3n local de libre disposici\u00f3n por parte de las corporaciones municipales. La cooperaci\u00f3n local tiene que ser un arma de planificaci\u00f3n territorial en manos de las comunidades aut\u00f3nomas para vertebrar el territorio. En una regi\u00f3n como Asturias, con los alcaldes convertidos en peque\u00f1os virreyes, hablar de fondos de financiaci\u00f3n dotados por otras administraciones para que los usen los ayuntamientos s\u00f3lo servir\u00e1 para relanzar el gasto sin sanear la econom\u00eda local. Esta regi\u00f3n est\u00e1 demasiado acostumbrada a recibir o demandar fondos (estructurales, cohesi\u00f3n, mineros, suficiencia, interterritorial, etc\u00e9tera) que no comportan obligaciones de gesti\u00f3n, m\u00e1s all\u00e1 de destinarlos a los fines anunciados.<br \/>\n      Los ayuntamientos tienen econom\u00edas maltrechas. Para afrontar este problema hace falta una nueva Ley de R\u00e9gimen Local, como hab\u00eda prometido Zapatero, pero esa tarea queda aplazada para la pr\u00f3xima legislatura. Hay dos maneras de mejorar las finanzas: recortar el gasto (v\u00eda que no sigue ning\u00fan alcalde) o incrementar los ingresos aumentando la carga tributaria. O nuevos impuestos o recargos sobre impuestos del Estado. No hay terceras v\u00edas.      <\/p>\n<!-- AddThis Advanced Settings generic via filter on the_content --><!-- AddThis Share Buttons generic via filter on the_content -->","protected":false},"excerpt":{"rendered":"<p>El diputado \u00c1lvaro Cuesta contradice a la portavoz del Gobierno regional, Ana Rosa Migoya, al afirmar que el Estatuto de Autonom\u00eda de Asturias debe incluir f\u00f3rmulas que aseguren la financiaci\u00f3n de los ayuntamientos. Esa opini\u00f3n ya la hab\u00eda sustentado la alcaldesa de Gij\u00f3n, Paz Fern\u00e1ndez Felgueroso, poniendo como ejemplo al Estatuto de Catalu\u00f1a que contempla [&hellip;]<!-- AddThis Advanced Settings generic via filter on get_the_excerpt --><!-- AddThis Share Buttons generic via filter on get_the_excerpt --><\/p>\n","protected":false},"author":2,"featured_media":0,"comment_status":"open","ping_status":"closed","sticky":false,"template":"","format":"standard","meta":[],"categories":[4],"tags":[],"_links":{"self":[{"href":"https:\/\/blogs.elcomercio.es\/largo_de_cafe\/wp-json\/wp\/v2\/posts\/137"}],"collection":[{"href":"https:\/\/blogs.elcomercio.es\/largo_de_cafe\/wp-json\/wp\/v2\/posts"}],"about":[{"href":"https:\/\/blogs.elcomercio.es\/largo_de_cafe\/wp-json\/wp\/v2\/types\/post"}],"author":[{"embeddable":true,"href":"https:\/\/blogs.elcomercio.es\/largo_de_cafe\/wp-json\/wp\/v2\/users\/2"}],"replies":[{"embeddable":true,"href":"https:\/\/blogs.elcomercio.es\/largo_de_cafe\/wp-json\/wp\/v2\/comments?post=137"}],"version-history":[{"count":0,"href":"https:\/\/blogs.elcomercio.es\/largo_de_cafe\/wp-json\/wp\/v2\/posts\/137\/revisions"}],"wp:attachment":[{"href":"https:\/\/blogs.elcomercio.es\/largo_de_cafe\/wp-json\/wp\/v2\/media?parent=137"}],"wp:term":[{"taxonomy":"category","embeddable":true,"href":"https:\/\/blogs.elcomercio.es\/largo_de_cafe\/wp-json\/wp\/v2\/categories?post=137"},{"taxonomy":"post_tag","embeddable":true,"href":"https:\/\/blogs.elcomercio.es\/largo_de_cafe\/wp-json\/wp\/v2\/tags?post=137"}],"curies":[{"name":"wp","href":"https:\/\/api.w.org\/{rel}","templated":true}]}}