{"id":14,"date":"2007-07-20T00:28:11","date_gmt":"2007-07-20T00:28:11","guid":{"rendered":"http:\/\/blogs.elcomercio.es\/largo_de_cafe\/?p=14"},"modified":"2007-07-20T00:28:11","modified_gmt":"2007-07-20T00:28:11","slug":"las-manos-ovidio","status":"publish","type":"post","link":"https:\/\/blogs.elcomercio.es\/largo_de_cafe\/2007\/07\/20\/las-manos-ovidio\/","title":{"rendered":"las manos de Ovidio"},"content":{"rendered":"<p><DIV>&nbsp;<\/DIV><DIV>&nbsp;&nbsp;&nbsp; Ovidio S\u00e1nchez tiende la mano a IU para pedir la construcci\u00f3n de un hospital de lesionados medulares en Langreo. El presidente del PP quiere obligar al Gobierno de Areces a afrontar ese equipamiento por la v\u00eda de una proposici\u00f3n parlamentaria que contar\u00eda con el respaldo de la C\u00e1mara. El PP ha hecho caballo de batalla del hospital de parapl\u00e9jicos, siguiendo la costumbre de convertir en dogma de derechas las demandas de los sindicatos mineros. El papel que jug\u00f3 el campus de Mieres, dentro del anterior Plan del Carb\u00f3n, podr\u00eda realizarlo el hospital de parapl\u00e9jicos en la actual programaci\u00f3n de los fondos mineros. Esa es la intenci\u00f3n de los sindicatos, as\u00ed que el PP a obedecer. Un hospital realizado a espaldas de la planificaci\u00f3n sanitaria, pero eso no le importa ni a la oposici\u00f3n ni a los agentes sociales. El objetivo \u00faltimo del equipamiento no ser\u00eda hacer frente a una demanda de pacientes asturianos que ya es atendida en el Hospital Central, sino crear puestos de trabajo. Se ha llegado a barajar la cifra de 2.000 empleos directos. Puestos de trabajo que financiar\u00eda el Principado con los impuestos de los asturianos. As\u00ed se sale de la crisis y se converge con Europa. De esta patentan el motor de agua. <\/DIV><DIV>&nbsp;&nbsp;&nbsp; Ovidio S\u00e1nchez quiere tantear la predisposici\u00f3n de las fuerzas pol\u00edticas. Es una primera aproximaci\u00f3n a IU, el primer gui\u00f1o, tras cuatro a\u00f1os de relaci\u00f3n glacial, propia de un partido que gobernaba con otro que se opon\u00eda. El PP necesita de IU para salir del ostracismo del anterior mandato. El hospital de parapl\u00e9jicos fue una iniciativa originaria del grupo municipal de IU del Ayuntamiento de Langreo, as\u00ed que se trata de un buen argumento para que la oposici\u00f3n de derechas y la de izquierdas voten juntas contra el Gobierno de Areces. Esa es la intenci\u00f3n del PP, aunque puede que la fruta no est\u00e9 todav\u00eda madura para cogerla del \u00e1rbol. <\/DIV><DIV>&nbsp;&nbsp;&nbsp; La ruptura del pacto de la izquierda fue saludada por Ovidio S\u00e1nchez con una declaraci\u00f3n constructiva, ofreci\u00e9ndose al Gobierno de Areces para una entente por el bien de la regi\u00f3n. Veinte d\u00edas m\u00e1s tarde, Ovidio gira hacia el otro lado para aliarse con IU. Aqu\u00ed, mandan los intereses de partido y por si alguien ten\u00eda dudas Ovidio nos recuerda que tiene dos manos para hacer pol\u00edtica.&nbsp;&nbsp;&nbsp;&nbsp;&nbsp;&nbsp;&nbsp;&nbsp; <\/DIV><DIV>&nbsp;<\/DIV><DIV>&nbsp;&nbsp;&nbsp;&nbsp;&nbsp;&nbsp;&nbsp;&nbsp;&nbsp;&nbsp; <\/DIV><\/p>\n<!-- AddThis Advanced Settings generic via filter on the_content --><!-- AddThis Share Buttons generic via filter on the_content -->","protected":false},"excerpt":{"rendered":"<p>&nbsp;&nbsp;&nbsp;&nbsp; Ovidio S\u00e1nchez tiende la mano a IU para pedir la construcci\u00f3n de un hospital de lesionados medulares en Langreo. El presidente del PP quiere obligar al Gobierno de Areces a afrontar ese equipamiento por la v\u00eda de una proposici\u00f3n parlamentaria que contar\u00eda con el respaldo de la C\u00e1mara. El PP ha hecho caballo de [&hellip;]<!-- AddThis Advanced Settings generic via filter on get_the_excerpt --><!-- AddThis Share Buttons generic via filter on get_the_excerpt --><\/p>\n","protected":false},"author":2,"featured_media":0,"comment_status":"open","ping_status":"closed","sticky":false,"template":"","format":"standard","meta":[],"categories":[2],"tags":[],"_links":{"self":[{"href":"https:\/\/blogs.elcomercio.es\/largo_de_cafe\/wp-json\/wp\/v2\/posts\/14"}],"collection":[{"href":"https:\/\/blogs.elcomercio.es\/largo_de_cafe\/wp-json\/wp\/v2\/posts"}],"about":[{"href":"https:\/\/blogs.elcomercio.es\/largo_de_cafe\/wp-json\/wp\/v2\/types\/post"}],"author":[{"embeddable":true,"href":"https:\/\/blogs.elcomercio.es\/largo_de_cafe\/wp-json\/wp\/v2\/users\/2"}],"replies":[{"embeddable":true,"href":"https:\/\/blogs.elcomercio.es\/largo_de_cafe\/wp-json\/wp\/v2\/comments?post=14"}],"version-history":[{"count":0,"href":"https:\/\/blogs.elcomercio.es\/largo_de_cafe\/wp-json\/wp\/v2\/posts\/14\/revisions"}],"wp:attachment":[{"href":"https:\/\/blogs.elcomercio.es\/largo_de_cafe\/wp-json\/wp\/v2\/media?parent=14"}],"wp:term":[{"taxonomy":"category","embeddable":true,"href":"https:\/\/blogs.elcomercio.es\/largo_de_cafe\/wp-json\/wp\/v2\/categories?post=14"},{"taxonomy":"post_tag","embeddable":true,"href":"https:\/\/blogs.elcomercio.es\/largo_de_cafe\/wp-json\/wp\/v2\/tags?post=14"}],"curies":[{"name":"wp","href":"https:\/\/api.w.org\/{rel}","templated":true}]}}