{"id":145,"date":"2007-11-24T10:57:44","date_gmt":"2007-11-24T10:57:44","guid":{"rendered":"http:\/\/blogs.elcomercio.es\/largo_de_cafe\/?p=145"},"modified":"2007-11-24T10:57:44","modified_gmt":"2007-11-24T10:57:44","slug":"vuelven-astracanadas","status":"publish","type":"post","link":"https:\/\/blogs.elcomercio.es\/largo_de_cafe\/2007\/11\/24\/vuelven-astracanadas\/","title":{"rendered":"VUELVEN LAS ASTRACANADAS"},"content":{"rendered":"<p>    La proposici\u00f3n de Ley de Asturian\u00eda, presentada por IU en la Junta General del Principado, ha sido respaldada por el PP, iniciando de esta manera su tramitaci\u00f3n parlamentaria. IU est\u00e1 interesada en extender las prestaciones sociales, como el salario social b\u00e1sico o las plazas de residencias para la tercera edad, a los emigrantes. En la actualidad los emigrantes tienen reconocidos los derechos pol\u00edticos y participan con su voto en la configuraci\u00f3n de las instituciones, pero IU quiere aumentar su carta de derechos y para ello propugna esta norma, en la que tambi\u00e9n se crean figuras nuevas, como el \u201casturiano de adopci\u00f3n\u201d, para dar un estatus de asturian\u00eda a personas que no tienen v\u00ednculos familiares con nuestra tierra, pero s\u00ed est\u00e1n relacionadas con ella por las actividades que realizan.<br \/>\n     La necesidad de una Ley de Asturian\u00eda es opinable, como lo son las pautas que conlleva el proyecto de IU, al obligar el Principado a dar cobertura sanitaria y social a personas que viven establemente en lejanos pa\u00edses. El grupo parlamentario socialista vot\u00f3 en contra, al considerar que afecta a un campo de derechos que se deben delimitar en el nuevo Estatuto de Autonom\u00eda. El PP vot\u00f3 a favor de la tramitaci\u00f3n, anunciando que quiere introducir modificaciones en la discusi\u00f3n parlamentaria de la propuesta de IU. Nada que objetar.<br \/>\n     Todo las consideraciones realizadas hasta ahora tienen car\u00e1cter secundario, porque lo verdaderamente importante de la cuesti\u00f3n est\u00e1 en el singular paso dado por IU al presentar en la C\u00e1mara una proposici\u00f3n de ley, una iniciativa parlamentaria que va ordinariamente ligada al Gobierno, al que se le supone la capacidad de proponer leyes. Los grupos de oposici\u00f3n presentan proposiciones no de ley. Esta pauta de conducta se sigue en todos los parlamentos democr\u00e1ticos. Cuando la oposici\u00f3n est\u00e1 en condiciones de presentar proposiciones de ley, lo primero que hace es introducir por registro una moci\u00f3n de censura. La \u00faltima vez que pas\u00f3 algo parecido fue en la primavera del a\u00f1o 2000, con la Ley de Cajas, cuando parte del grupo parlamentario socialista se pas\u00f3 a la oposici\u00f3n y puso en aprietos al Gobierno de Areces. Llev\u00e1bamos siete a\u00f1os sin anomal\u00edas institucionales. Vuelven las astracanadas.       <\/p>\n<!-- AddThis Advanced Settings generic via filter on the_content --><!-- AddThis Share Buttons generic via filter on the_content -->","protected":false},"excerpt":{"rendered":"<p>La proposici\u00f3n de Ley de Asturian\u00eda, presentada por IU en la Junta General del Principado, ha sido respaldada por el PP, iniciando de esta manera su tramitaci\u00f3n parlamentaria. IU est\u00e1 interesada en extender las prestaciones sociales, como el salario social b\u00e1sico o las plazas de residencias para la tercera edad, a los emigrantes. En la [&hellip;]<!-- AddThis Advanced Settings generic via filter on get_the_excerpt --><!-- AddThis Share Buttons generic via filter on get_the_excerpt --><\/p>\n","protected":false},"author":2,"featured_media":0,"comment_status":"open","ping_status":"closed","sticky":false,"template":"","format":"standard","meta":[],"categories":[4],"tags":[],"_links":{"self":[{"href":"https:\/\/blogs.elcomercio.es\/largo_de_cafe\/wp-json\/wp\/v2\/posts\/145"}],"collection":[{"href":"https:\/\/blogs.elcomercio.es\/largo_de_cafe\/wp-json\/wp\/v2\/posts"}],"about":[{"href":"https:\/\/blogs.elcomercio.es\/largo_de_cafe\/wp-json\/wp\/v2\/types\/post"}],"author":[{"embeddable":true,"href":"https:\/\/blogs.elcomercio.es\/largo_de_cafe\/wp-json\/wp\/v2\/users\/2"}],"replies":[{"embeddable":true,"href":"https:\/\/blogs.elcomercio.es\/largo_de_cafe\/wp-json\/wp\/v2\/comments?post=145"}],"version-history":[{"count":0,"href":"https:\/\/blogs.elcomercio.es\/largo_de_cafe\/wp-json\/wp\/v2\/posts\/145\/revisions"}],"wp:attachment":[{"href":"https:\/\/blogs.elcomercio.es\/largo_de_cafe\/wp-json\/wp\/v2\/media?parent=145"}],"wp:term":[{"taxonomy":"category","embeddable":true,"href":"https:\/\/blogs.elcomercio.es\/largo_de_cafe\/wp-json\/wp\/v2\/categories?post=145"},{"taxonomy":"post_tag","embeddable":true,"href":"https:\/\/blogs.elcomercio.es\/largo_de_cafe\/wp-json\/wp\/v2\/tags?post=145"}],"curies":[{"name":"wp","href":"https:\/\/api.w.org\/{rel}","templated":true}]}}