{"id":147,"date":"2007-11-26T07:48:42","date_gmt":"2007-11-26T07:48:42","guid":{"rendered":"http:\/\/blogs.elcomercio.es\/largo_de_cafe\/?p=147"},"modified":"2007-11-26T07:48:42","modified_gmt":"2007-11-26T07:48:42","slug":"zapatero-es-otra-vez-zp","status":"publish","type":"post","link":"https:\/\/blogs.elcomercio.es\/largo_de_cafe\/2007\/11\/26\/zapatero-es-otra-vez-zp\/","title":{"rendered":"ZAPATERO ES OTRA VEZ ZP"},"content":{"rendered":"<p>    El presidente Zapatero ha confirmado lo que ya se sab\u00eda: ser\u00e1 el candidato del PSOE a la presidencia del Gobierno en las pr\u00f3ximas elecciones generales. El candidato Zapatero aspira a obtener una mayor\u00eda m\u00e1s holgada que la obtenida hace cuatro a\u00f1os para \u201crecuperar la convivencia y la tolerancia\u201d. Otros ejes de su posible acci\u00f3n de gobierno ser\u00e1n el bienestar social y la acci\u00f3n contra el cambio clim\u00e1tico. Con respecto al PP, el presidente del Gobierno ha afirmado que no ha realizado una oposici\u00f3n dura ni blanda, sino de obstrucci\u00f3n.<br \/>\n     Todo candidato aspira a mejorar las posiciones electorales de su partido en cada cita con las urnas, pero en esta ocasi\u00f3n ese deseo va ligado a un objetivo: cambiar la relaci\u00f3n entre el PSOE y el PP. Un resultado ajustado en las urnas llevar\u00eda a la repetici\u00f3n del principal argumento del actual mandato, que no ha sido ni la revisi\u00f3n constitucional ni las reformas estatutarias ni la negociaci\u00f3n con el terrorismo ni la ampliaci\u00f3n de los derechos sociales ni la creaci\u00f3n de empleo, sino la polarizaci\u00f3n de la vida pol\u00edtica y la divisi\u00f3n social en torno a la pugna diaria entre Zapatero y Rajoy. Si la diferencia entre PSOE y PP sigue siendo de 16 esca\u00f1os, la bronca estar\u00e1 asegurada, mientras que la victoria por mayor\u00eda absoluta de uno de los dos partidos obligar\u00eda al otro a cambiar de estrategia.<br \/>\n      El bienestar social es el objetivo de periodos de bonanza econ\u00f3mica, cuando tras la obtenci\u00f3n del excedente empresarial y el saneamiento de las cuentas del Estado llega la discusi\u00f3n sobre el reparto. Es muy probable que el cambio en la coyuntura econ\u00f3mica anule el discurso sobre las mejoras sociales, pero la pol\u00edtica siempre tarda en hacer acuse de recibo de las malas noticias que da la econom\u00eda, as\u00ed que iremos a marzo so\u00f1ando con el pleno empleo, la Agenda de Lisboa y otras propuestas dictadas por la euforia de los grandes momentos del ciclo econ\u00f3mico, registrados en los primeros a\u00f1os del actual siglo. En cuanto al cambio clim\u00e1tico, se trata de una cl\u00e1sica propuesta indolora a la que todo el mundo se apunta, m\u00e1s oportuna de hacer ahora, despu\u00e9s de que Rajoy sacar\u00e1 a relucir todo el escepticismo de su primo sobre el efecto invernadero. Oportunismos aparte, con Zapatero aumentaron las emisiones de CO2. <\/p>\n<!-- AddThis Advanced Settings generic via filter on the_content --><!-- AddThis Share Buttons generic via filter on the_content -->","protected":false},"excerpt":{"rendered":"<p>El presidente Zapatero ha confirmado lo que ya se sab\u00eda: ser\u00e1 el candidato del PSOE a la presidencia del Gobierno en las pr\u00f3ximas elecciones generales. El candidato Zapatero aspira a obtener una mayor\u00eda m\u00e1s holgada que la obtenida hace cuatro a\u00f1os para \u201crecuperar la convivencia y la tolerancia\u201d. Otros ejes de su posible acci\u00f3n de [&hellip;]<!-- AddThis Advanced Settings generic via filter on get_the_excerpt --><!-- AddThis Share Buttons generic via filter on get_the_excerpt --><\/p>\n","protected":false},"author":2,"featured_media":0,"comment_status":"open","ping_status":"closed","sticky":false,"template":"","format":"standard","meta":[],"categories":[4],"tags":[],"_links":{"self":[{"href":"https:\/\/blogs.elcomercio.es\/largo_de_cafe\/wp-json\/wp\/v2\/posts\/147"}],"collection":[{"href":"https:\/\/blogs.elcomercio.es\/largo_de_cafe\/wp-json\/wp\/v2\/posts"}],"about":[{"href":"https:\/\/blogs.elcomercio.es\/largo_de_cafe\/wp-json\/wp\/v2\/types\/post"}],"author":[{"embeddable":true,"href":"https:\/\/blogs.elcomercio.es\/largo_de_cafe\/wp-json\/wp\/v2\/users\/2"}],"replies":[{"embeddable":true,"href":"https:\/\/blogs.elcomercio.es\/largo_de_cafe\/wp-json\/wp\/v2\/comments?post=147"}],"version-history":[{"count":0,"href":"https:\/\/blogs.elcomercio.es\/largo_de_cafe\/wp-json\/wp\/v2\/posts\/147\/revisions"}],"wp:attachment":[{"href":"https:\/\/blogs.elcomercio.es\/largo_de_cafe\/wp-json\/wp\/v2\/media?parent=147"}],"wp:term":[{"taxonomy":"category","embeddable":true,"href":"https:\/\/blogs.elcomercio.es\/largo_de_cafe\/wp-json\/wp\/v2\/categories?post=147"},{"taxonomy":"post_tag","embeddable":true,"href":"https:\/\/blogs.elcomercio.es\/largo_de_cafe\/wp-json\/wp\/v2\/tags?post=147"}],"curies":[{"name":"wp","href":"https:\/\/api.w.org\/{rel}","templated":true}]}}