{"id":156,"date":"2007-12-05T08:00:42","date_gmt":"2007-12-05T08:00:42","guid":{"rendered":"http:\/\/blogs.elcomercio.es\/largo_de_cafe\/?p=156"},"modified":"2007-12-05T08:00:42","modified_gmt":"2007-12-05T08:00:42","slug":"otra-rebaja-fiscal","status":"publish","type":"post","link":"https:\/\/blogs.elcomercio.es\/largo_de_cafe\/2007\/12\/05\/otra-rebaja-fiscal\/","title":{"rendered":"OTRA REBAJA FISCAL"},"content":{"rendered":"<p>      Zapatero ha anunciado la supresi\u00f3n del Impuesto sobre Patrimonio para la pr\u00f3xima legislatura, sin aclarar por qu\u00e9 no lo elimina en \u00e9sta: todav\u00eda est\u00e1 a tiempo. El presidente justific\u00f3 la medida diciendo que quer\u00eda dar un trato equitativo a todos los espa\u00f1oles, un objetivo que cada vez se cumple menos en el Estado de las Autonom\u00edas, como comprobamos los asturianos pagando por el Impuesto de Sucesiones y Donaciones, mientras que en otras comunidades est\u00e1n exentos. El Impuesto de Sucesiones y Donaciones no es una cosa menor, ya que por esta figura fiscal se recauda el doble que por el Impuesto de Patrimonio. Zapatero adelanta que eliminar\u00e1 el tributo patrimonial cuando todav\u00eda no se ha cumplido el mes (9 de noviembre) del anuncio de Esperanza Aguirre de rebajar ese impuesto de forma escalonada hasta suprimirlo en el a\u00f1o 2010. En aquel momento, Pedro Solbes asegur\u00f3 que los 430 millones de euros que ingresa la Comunidad Aut\u00f3noma de Madrid por el Impuesto de Patrimonio no ser\u00edan compensados por el Estado; sin embargo, ahora, Zapatero dice que los 1.400 millones que reciben todas las comunidades aut\u00f3nomas por ese tributo ser\u00e1n entregados por el Gobierno a trav\u00e9s de otra v\u00eda.<br \/>\n     Jaime Rabanal se ha mostrado de acuerdo con Zapatero, si el Principado sigue recibiendo el mismo dinero que ahora. Hasta ayer por la noche, todos los socialistas asturianos consideraban irrenunciable el Impuesto sobre Patrimonio, pero cambiaron de opini\u00f3n, en bloque, porque el jefe ha renunciado a ese impuesto y el jefe nunca se equivoca.<br \/>\n     Es imposible disociar el regalo de Zapatero de la campa\u00f1a electoral. Las encuestas deben estar arrojando un resultado muy igualado entre los dos grandes partidos para que se recurra a dejar de gravar el \u201cpatrimonio de los ricos\u201d. Al menos, este era el enunciado con el que los socialistas justificaban la pervivencia de un tributo que ya no existe en toda Europa, con la excepci\u00f3n de Suecia y Francia. Estamos en plena carrera fiscal, con Rajoy dejando libres de contribuci\u00f3n a los trabajadores que ganen menos de 16.000 euros y Zapatero prescindiendo de gravar la riqueza. Entre el chequ\u00e9 beb\u00e9, las rebajas fiscales y la voracidad de las comunidades aut\u00f3nomas, la Hacienda del Estado va a sufrir anorexia.     <\/p>\n<!-- AddThis Advanced Settings generic via filter on the_content --><!-- AddThis Share Buttons generic via filter on the_content -->","protected":false},"excerpt":{"rendered":"<p>Zapatero ha anunciado la supresi\u00f3n del Impuesto sobre Patrimonio para la pr\u00f3xima legislatura, sin aclarar por qu\u00e9 no lo elimina en \u00e9sta: todav\u00eda est\u00e1 a tiempo. El presidente justific\u00f3 la medida diciendo que quer\u00eda dar un trato equitativo a todos los espa\u00f1oles, un objetivo que cada vez se cumple menos en el Estado de las [&hellip;]<!-- AddThis Advanced Settings generic via filter on get_the_excerpt --><!-- AddThis Share Buttons generic via filter on get_the_excerpt --><\/p>\n","protected":false},"author":2,"featured_media":0,"comment_status":"open","ping_status":"closed","sticky":false,"template":"","format":"standard","meta":[],"categories":[4],"tags":[],"_links":{"self":[{"href":"https:\/\/blogs.elcomercio.es\/largo_de_cafe\/wp-json\/wp\/v2\/posts\/156"}],"collection":[{"href":"https:\/\/blogs.elcomercio.es\/largo_de_cafe\/wp-json\/wp\/v2\/posts"}],"about":[{"href":"https:\/\/blogs.elcomercio.es\/largo_de_cafe\/wp-json\/wp\/v2\/types\/post"}],"author":[{"embeddable":true,"href":"https:\/\/blogs.elcomercio.es\/largo_de_cafe\/wp-json\/wp\/v2\/users\/2"}],"replies":[{"embeddable":true,"href":"https:\/\/blogs.elcomercio.es\/largo_de_cafe\/wp-json\/wp\/v2\/comments?post=156"}],"version-history":[{"count":0,"href":"https:\/\/blogs.elcomercio.es\/largo_de_cafe\/wp-json\/wp\/v2\/posts\/156\/revisions"}],"wp:attachment":[{"href":"https:\/\/blogs.elcomercio.es\/largo_de_cafe\/wp-json\/wp\/v2\/media?parent=156"}],"wp:term":[{"taxonomy":"category","embeddable":true,"href":"https:\/\/blogs.elcomercio.es\/largo_de_cafe\/wp-json\/wp\/v2\/categories?post=156"},{"taxonomy":"post_tag","embeddable":true,"href":"https:\/\/blogs.elcomercio.es\/largo_de_cafe\/wp-json\/wp\/v2\/tags?post=156"}],"curies":[{"name":"wp","href":"https:\/\/api.w.org\/{rel}","templated":true}]}}