{"id":16,"date":"2007-07-20T23:16:17","date_gmt":"2007-07-20T23:16:17","guid":{"rendered":"http:\/\/blogs.elcomercio.es\/largo_de_cafe\/?p=16"},"modified":"2007-07-20T23:16:17","modified_gmt":"2007-07-20T23:16:17","slug":"el-espejismo-del-estatuto","status":"publish","type":"post","link":"https:\/\/blogs.elcomercio.es\/largo_de_cafe\/2007\/07\/20\/el-espejismo-del-estatuto\/","title":{"rendered":"El espejismo del Estatuto"},"content":{"rendered":"<p><DIV>&nbsp;<\/DIV><DIV>&nbsp;&nbsp; Los dirigentes pol\u00edticos siguen haciendo vaticinios sobre el curso que seguir\u00e1 la legislatura. Jes\u00fas Iglesias considera que el PSOE pactar\u00e1 con el PP una reforma estatutaria de m\u00ednimos que no recoger\u00e1 las aspiraciones de IU. Puede ser. En cualquier caso, conviene recordar los condicionantes formales que tiene cualquier reforma del Estatuto. Para llevarla a cabo hace falta el apoyo de tres quintas partes de la Junta General del Principado: 27 esca\u00f1os. El PSOE cuenta con 21 diputados, el PP con 20 e IU con cuatro. Un ni\u00f1o de Primaria sabe dar con la soluci\u00f3n del problema: para reformar el Estatuto es condici\u00f3n necesaria y suficiente el acuerdo entre el PSOE y el PP. Si uno de los grandes partidos quiere una reforma de m\u00ednimos, s\u00f3lo hay dos alternativas: que no haya reforma o que \u00e9sta sea de m\u00ednimos. IU puede quejarse de muchas cosas pero no puede saltarse las reglas de la aritm\u00e9tica. Con cuatro diputados hay muy poca tela que cortar en el Estatuto. Por eso nunca entend\u00ed que en la negociaci\u00f3n con el PSOE los dirigentes de IU pusieran tanto ah\u00ednco en los contenidos de la reforma estatutaria, cuando no pod\u00eda quedar atada entre las dos fuerzas de izquierda, ya que hab\u00eda que contar con el PP.&nbsp;<\/DIV><DIV>&nbsp;&nbsp;&nbsp;&nbsp; Hasta la fecha, las reformas del Estatuto de Autonom\u00eda de Asturias partieron de un acuerdo entre el PSOE y el PP. Un acuerdo sencillo de alcanzar porque el socialismo asturiano es muy jacobino, poco dado a recrearse con identidades hist\u00f3ricas. El PSOE asturiano no est\u00e1 tocado por el mal del nacionalismo. En eso no sigue la l\u00ednea de Zapatero, dispuesto a conceder cooficialidades y a blindar las aguas de los r\u00edos. El PP y el PSOE no consideran que la autonom\u00eda es el remedio para nuestros males. Y aciertan. Cuanto m\u00e1s fuerte sea el Estado, m\u00e1s ganamos los asturianos. A r\u00edo revuelto, ganancia de catalanes.<\/DIV><DIV>&nbsp;&nbsp;&nbsp; Una de las peores cosas que podr\u00edan pasar en esta legislatura es que nos enzarz\u00e1ramos en un debate farragoso sobre competencias e identidades, mientras no se toman decisiones sobre las ense\u00f1anzas universitarias, la poluci\u00f3n del \u00e1rea central, la modernizaci\u00f3n de los astilleros, el galopante absentismo laboral y el despoblamiento del \u00e1rea rural. Gobernar en coalici\u00f3n con la sociedad (Areces &#8220;dixit&#8221;) es resolver esas cuestiones.&nbsp;&nbsp;&nbsp; <\/DIV><DIV>&nbsp;<\/DIV><DIV>&nbsp;<\/DIV><SPAN>&nbsp;&nbsp;&nbsp;&nbsp;&nbsp;&nbsp;&nbsp;&nbsp;&nbsp;&nbsp;&nbsp;&nbsp;&nbsp;&nbsp;&nbsp;&nbsp;&nbsp;&nbsp;&nbsp;&nbsp;&nbsp;&nbsp;&nbsp;&nbsp;&nbsp;&nbsp;&nbsp;&nbsp;&nbsp;&nbsp;&nbsp;&nbsp;&nbsp;&nbsp;&nbsp;&nbsp;&nbsp;&nbsp;&nbsp;&nbsp;&nbsp;&nbsp;&nbsp;&nbsp;&nbsp;&nbsp;&nbsp;&nbsp; <\/SPAN><\/p>\n<!-- AddThis Advanced Settings generic via filter on the_content --><!-- AddThis Share Buttons generic via filter on the_content -->","protected":false},"excerpt":{"rendered":"<p>&nbsp;&nbsp;&nbsp; Los dirigentes pol\u00edticos siguen haciendo vaticinios sobre el curso que seguir\u00e1 la legislatura. Jes\u00fas Iglesias considera que el PSOE pactar\u00e1 con el PP una reforma estatutaria de m\u00ednimos que no recoger\u00e1 las aspiraciones de IU. Puede ser. En cualquier caso, conviene recordar los condicionantes formales que tiene cualquier reforma del Estatuto. Para llevarla a [&hellip;]<!-- AddThis Advanced Settings generic via filter on get_the_excerpt --><!-- AddThis Share Buttons generic via filter on get_the_excerpt --><\/p>\n","protected":false},"author":2,"featured_media":0,"comment_status":"open","ping_status":"closed","sticky":false,"template":"","format":"standard","meta":[],"categories":[2],"tags":[],"_links":{"self":[{"href":"https:\/\/blogs.elcomercio.es\/largo_de_cafe\/wp-json\/wp\/v2\/posts\/16"}],"collection":[{"href":"https:\/\/blogs.elcomercio.es\/largo_de_cafe\/wp-json\/wp\/v2\/posts"}],"about":[{"href":"https:\/\/blogs.elcomercio.es\/largo_de_cafe\/wp-json\/wp\/v2\/types\/post"}],"author":[{"embeddable":true,"href":"https:\/\/blogs.elcomercio.es\/largo_de_cafe\/wp-json\/wp\/v2\/users\/2"}],"replies":[{"embeddable":true,"href":"https:\/\/blogs.elcomercio.es\/largo_de_cafe\/wp-json\/wp\/v2\/comments?post=16"}],"version-history":[{"count":0,"href":"https:\/\/blogs.elcomercio.es\/largo_de_cafe\/wp-json\/wp\/v2\/posts\/16\/revisions"}],"wp:attachment":[{"href":"https:\/\/blogs.elcomercio.es\/largo_de_cafe\/wp-json\/wp\/v2\/media?parent=16"}],"wp:term":[{"taxonomy":"category","embeddable":true,"href":"https:\/\/blogs.elcomercio.es\/largo_de_cafe\/wp-json\/wp\/v2\/categories?post=16"},{"taxonomy":"post_tag","embeddable":true,"href":"https:\/\/blogs.elcomercio.es\/largo_de_cafe\/wp-json\/wp\/v2\/tags?post=16"}],"curies":[{"name":"wp","href":"https:\/\/api.w.org\/{rel}","templated":true}]}}