{"id":165,"date":"2007-12-14T08:05:25","date_gmt":"2007-12-14T08:05:25","guid":{"rendered":"http:\/\/blogs.elcomercio.es\/largo_de_cafe\/?p=165"},"modified":"2007-12-14T08:05:25","modified_gmt":"2007-12-14T08:05:25","slug":"quien-gana","status":"publish","type":"post","link":"https:\/\/blogs.elcomercio.es\/largo_de_cafe\/2007\/12\/14\/quien-gana\/","title":{"rendered":"\u00bfQUI\u00c9N GANA?"},"content":{"rendered":"<p>    En declaraciones a \u201cCanal 10\u201d, Jes\u00fas Iglesias garantiz\u00f3 que IU apoyar\u00eda todos los mecanismos de la pr\u00f3rroga presupuestaria para facilitar recursos a la concertaci\u00f3n social y a los ayuntamientos. De esta forma, el l\u00edder de IU quiso tranquilizar a los dirigentes sindicales y a los consistorios gobernados por su fuerza pol\u00edtica de que no les afectar\u00edan las consecuencias de la enmienda a la totalidad que hoy se vota en la Junta General del Principado. M\u00e1s de 280 millones de euros quedar\u00e1n inmovilizados al devolver las cuentas regionales al Gobierno. Esa es la primera consecuencia del rechazo presupuestario, que luego puede ser subsanada con habilitaciones de cr\u00e9dito por la C\u00e1mara, siempre que haya una mayor\u00eda a favor de un objetivo concreto.<br \/>\n     Las declaraciones del coordinador de IU tratan de dulcificar las contradicciones entre la decisi\u00f3n de esta fuerza pol\u00edtica y los intereses de las instituciones y asociaciones que les son pr\u00f3ximas. De las garant\u00edas dadas por Jes\u00fas Iglesias se deduce que si no fuese por las llamadas \u201crazones de partido\u201d o por la politiquer\u00eda, por decirlo de forma m\u00e1s ramplona, los presupuestos ser\u00edan aprobados hoy, ya que suponen un hecho positivo para los agentes sociales y para los ayuntamientos, as\u00ed como para otros muchos colectivos e instituciones. As\u00ed que IU trata de compaginar lo bueno de un incremento presupuestario con el objetivo pol\u00edtico de infringir una derrota pol\u00edtica al Gobierno de Areces. Se rechazan, en bloque, las cuentas regionales, pero se muestra disposici\u00f3n para destinar esos recursos a los aliados sociales.<br \/>\n     Salvo sorpresa may\u00fascula o error en el mecanismo de voto, los Presupuestos del Principado ser\u00e1n devueltos al Gobierno. La derrota del Ejecutivo de Areces es incuestionable, ya que la incapacidad de un gobierno para aprobar el presupuesto en la C\u00e1mara se interpreta en todas las democracias como una severa derrota. Lo curioso del asunto es que en la previsible votaci\u00f3n de hoy no se vislumbran ganadores, ya que IU y el PP votan juntos, pero niegan cualquier cercan\u00eda pol\u00edtica. Un gobierno derrotado y una oposici\u00f3n que no se considera vencedora es una situaci\u00f3n extra\u00f1\u00edsima. \u00bfQui\u00e9n gan\u00f3? Recordemos el refr\u00e1n: a r\u00edo revuelto, ganancia de pescadores.  <\/p>\n<!-- AddThis Advanced Settings generic via filter on the_content --><!-- AddThis Share Buttons generic via filter on the_content -->","protected":false},"excerpt":{"rendered":"<p>En declaraciones a \u201cCanal 10\u201d, Jes\u00fas Iglesias garantiz\u00f3 que IU apoyar\u00eda todos los mecanismos de la pr\u00f3rroga presupuestaria para facilitar recursos a la concertaci\u00f3n social y a los ayuntamientos. De esta forma, el l\u00edder de IU quiso tranquilizar a los dirigentes sindicales y a los consistorios gobernados por su fuerza pol\u00edtica de que no les [&hellip;]<!-- AddThis Advanced Settings generic via filter on get_the_excerpt --><!-- AddThis Share Buttons generic via filter on get_the_excerpt --><\/p>\n","protected":false},"author":2,"featured_media":0,"comment_status":"open","ping_status":"closed","sticky":false,"template":"","format":"standard","meta":[],"categories":[4],"tags":[],"_links":{"self":[{"href":"https:\/\/blogs.elcomercio.es\/largo_de_cafe\/wp-json\/wp\/v2\/posts\/165"}],"collection":[{"href":"https:\/\/blogs.elcomercio.es\/largo_de_cafe\/wp-json\/wp\/v2\/posts"}],"about":[{"href":"https:\/\/blogs.elcomercio.es\/largo_de_cafe\/wp-json\/wp\/v2\/types\/post"}],"author":[{"embeddable":true,"href":"https:\/\/blogs.elcomercio.es\/largo_de_cafe\/wp-json\/wp\/v2\/users\/2"}],"replies":[{"embeddable":true,"href":"https:\/\/blogs.elcomercio.es\/largo_de_cafe\/wp-json\/wp\/v2\/comments?post=165"}],"version-history":[{"count":0,"href":"https:\/\/blogs.elcomercio.es\/largo_de_cafe\/wp-json\/wp\/v2\/posts\/165\/revisions"}],"wp:attachment":[{"href":"https:\/\/blogs.elcomercio.es\/largo_de_cafe\/wp-json\/wp\/v2\/media?parent=165"}],"wp:term":[{"taxonomy":"category","embeddable":true,"href":"https:\/\/blogs.elcomercio.es\/largo_de_cafe\/wp-json\/wp\/v2\/categories?post=165"},{"taxonomy":"post_tag","embeddable":true,"href":"https:\/\/blogs.elcomercio.es\/largo_de_cafe\/wp-json\/wp\/v2\/tags?post=165"}],"curies":[{"name":"wp","href":"https:\/\/api.w.org\/{rel}","templated":true}]}}