{"id":166,"date":"2007-12-15T10:17:41","date_gmt":"2007-12-15T10:17:41","guid":{"rendered":"http:\/\/blogs.elcomercio.es\/largo_de_cafe\/?p=166"},"modified":"2007-12-15T10:17:41","modified_gmt":"2007-12-15T10:17:41","slug":"prorroga-politica","status":"publish","type":"post","link":"https:\/\/blogs.elcomercio.es\/largo_de_cafe\/2007\/12\/15\/prorroga-politica\/","title":{"rendered":"PR\u00d3RROGA POL\u00cdTICA"},"content":{"rendered":"<p>Como estaba previsto, la enmienda a la totalidad de IU ha cortado de ra\u00edz el debate sobre los Presupuestos del Principado del a\u00f1o 2008: habr\u00e1 pr\u00f3rroga presupuestaria. El apoyo del PP a IU ha permitido, una vez m\u00e1s, dejar al Gobierno en minor\u00eda en la C\u00e1mara y a la regi\u00f3n sin 281 millones de euros para gastar. Se ha perdido la posibilidad de reformar las cuentas por la v\u00eda de las enmiendas parciales, porque predomin\u00f3 el sesgo pol\u00edtico sobre el econ\u00f3mico y social en el debate de los presupuestos. Dada la debilidad parlamentaria del Gobierno, si uno de los grupos de la oposici\u00f3n hubiera optado por la estrategia de realizar enmiendas parciales, al  proyecto del Ejecutivo, hubiera sido capaz de cambiar la faz del presupuesto. Por ejemplo, la partida del salario social, que  seg\u00fan IU ten\u00eda una insuficiente cuant\u00eda, se podr\u00eda haber duplicado o triplicado sin que el Gobierno tuviese otra alternativa que aceptar las nuevas cifras. Con la pr\u00f3rroga presupuestaria el salario social seguir\u00e1 siendo igual de insuficiente que hasta ahora.<br \/>\n    La diferencia est\u00e1 en que la aprobaci\u00f3n  de un nuevo presupuesto, aunque hubiese sido muy enmendado, ser\u00eda una victoria del Gobierno, al pasar la prueba de fuego de un Parlamento inicialmente hostil, mientras que la pr\u00f3rroga presupuestaria revela, por encima de cualquier otra consideraci\u00f3n, el car\u00e1cter de precariedad en  que se mueve el Ejecutivo socialista. La votaci\u00f3n se atuvo a consideraciones de inter\u00e9s partidista, como ocurre tantas veces en nuestra regi\u00f3n. De esta forma se sustancia el primer pulso de la legislatura entre el Gobierno y la oposici\u00f3n.<br \/>\n     Ovidio S\u00e1nchez pide elecciones anticipadas, tomando como argumento la pr\u00f3rroga presupuestaria, y pone como ejemplo la disoluci\u00f3n del Parlamento realizada por Felipe Gonz\u00e1lez.  Las circunstancias son muy distintas, porque todav\u00eda est\u00e1n sin explorar todas las posibilidades de esta legislatura. De momento lo que cabe decir es que empieza otra pr\u00f3rroga, de car\u00e1cter pol\u00edtico, y durar\u00e1 hasta las elecciones generales del 9 de marzo. A partir de ese momento los partidos har\u00e1n sus c\u00e1lculos para reajustar su estrategia. La pol\u00edtica asturiana va estar muy condicionada por la formaci\u00f3n del pr\u00f3ximo Gobierno central. Una victoria del PP debilitar\u00eda las posiciones de los socialistas en Asturias, y no les quedar\u00eda otro remedio que ceder ante las pretensiones de IU. No me refiero a negociar en primavera un nuevo presupuesto -operaci\u00f3n de encaje legal durante todo el primer semestre del a\u00f1o-, sino a la incorporaci\u00f3n de IU al Gobierno, cediendo ante el \u00fanico y prioritario objetivo de IU, que se qued\u00f3 sin \u201cplan B\u201d desde la ruptura del pacto de la izquierda. Si Zapatero accede a otro mandato, las consideraciones a realizar son otras. Un Gobierno fuerte en Madrid dejar\u00eda arrinconada a IU en Asturias y tendr\u00eda que suavizar su estrategia opositora. Pero si Zapatero depende de IU  para gobernar, Areces tendr\u00eda que contar con IU en el Principado. Como pas\u00f3 con el chequ\u00e9-beb\u00e9: 2.500 euros en Madrid y 500 en Oviedo.              <\/p>\n<!-- AddThis Advanced Settings generic via filter on the_content --><!-- AddThis Share Buttons generic via filter on the_content -->","protected":false},"excerpt":{"rendered":"<p>Como estaba previsto, la enmienda a la totalidad de IU ha cortado de ra\u00edz el debate sobre los Presupuestos del Principado del a\u00f1o 2008: habr\u00e1 pr\u00f3rroga presupuestaria. El apoyo del PP a IU ha permitido, una vez m\u00e1s, dejar al Gobierno en minor\u00eda en la C\u00e1mara y a la regi\u00f3n sin 281 millones de euros [&hellip;]<!-- AddThis Advanced Settings generic via filter on get_the_excerpt --><!-- AddThis Share Buttons generic via filter on get_the_excerpt --><\/p>\n","protected":false},"author":2,"featured_media":0,"comment_status":"open","ping_status":"closed","sticky":false,"template":"","format":"standard","meta":[],"categories":[4],"tags":[],"_links":{"self":[{"href":"https:\/\/blogs.elcomercio.es\/largo_de_cafe\/wp-json\/wp\/v2\/posts\/166"}],"collection":[{"href":"https:\/\/blogs.elcomercio.es\/largo_de_cafe\/wp-json\/wp\/v2\/posts"}],"about":[{"href":"https:\/\/blogs.elcomercio.es\/largo_de_cafe\/wp-json\/wp\/v2\/types\/post"}],"author":[{"embeddable":true,"href":"https:\/\/blogs.elcomercio.es\/largo_de_cafe\/wp-json\/wp\/v2\/users\/2"}],"replies":[{"embeddable":true,"href":"https:\/\/blogs.elcomercio.es\/largo_de_cafe\/wp-json\/wp\/v2\/comments?post=166"}],"version-history":[{"count":0,"href":"https:\/\/blogs.elcomercio.es\/largo_de_cafe\/wp-json\/wp\/v2\/posts\/166\/revisions"}],"wp:attachment":[{"href":"https:\/\/blogs.elcomercio.es\/largo_de_cafe\/wp-json\/wp\/v2\/media?parent=166"}],"wp:term":[{"taxonomy":"category","embeddable":true,"href":"https:\/\/blogs.elcomercio.es\/largo_de_cafe\/wp-json\/wp\/v2\/categories?post=166"},{"taxonomy":"post_tag","embeddable":true,"href":"https:\/\/blogs.elcomercio.es\/largo_de_cafe\/wp-json\/wp\/v2\/tags?post=166"}],"curies":[{"name":"wp","href":"https:\/\/api.w.org\/{rel}","templated":true}]}}