{"id":181,"date":"2007-12-31T16:33:39","date_gmt":"2007-12-31T16:33:39","guid":{"rendered":"http:\/\/blogs.elcomercio.es\/largo_de_cafe\/?p=181"},"modified":"2007-12-31T16:33:39","modified_gmt":"2007-12-31T16:33:39","slug":"el-otro-pacto","status":"publish","type":"post","link":"https:\/\/blogs.elcomercio.es\/largo_de_cafe\/2007\/12\/31\/el-otro-pacto\/","title":{"rendered":"EL OTRO PACTO"},"content":{"rendered":"<p>     Severino Garc\u00eda Vig\u00f3n se muestra satisfecho por el acuerdo de concertaci\u00f3n social (ACEBA) alcanzado por la Fade con el Principado y las centrales sindicales de UGT y CC.OO. Como el resto de las partes reconoce que ha tenido que ceder en alg\u00fan aspecto para poder llegar al pacto. A cambio, la Fade ha logrado introducir alguna novedad en el ACEBA que no estaba en el anterior acuerdo (ADECE), como la realizaci\u00f3n de un estudio sobre el absentismo laboral, una aut\u00e9ntica lacra que lastra la productividad del sistema y hunde sus ra\u00edces en la cultura de empresa p\u00fablica asturiana. Un dato. Hace tres o cuatro a\u00f1os, las redes p\u00fablicas de la sanidad y la educaci\u00f3n en nuestra regi\u00f3n hab\u00edan tenido una media de 23 d\u00edas de absentismo al a\u00f1o por trabajador. La lucha contra el absentismo laboral no es una tarea sencilla, como lo demuestra cualquier estudio comparado. Pongamos otro ejemplo. En Suecia, la media anual de absentismo laboral se encuentra por encima de los 20 d\u00edas. La defensa del Estado del Bienestar deber\u00eda hacerse sobre la base de criticar los excesos que se producen bajo la disculpa de esgrimir un derecho.<br \/>\n     El presidente de la Fade considera que el rechazo a los presupuestos del Principado o las trabas parlamentarias que puedan surgir para financiar el ACEBA se deben a la cercan\u00eda de las elecciones generales. Aunque la \u00e9poca preelectoral no es buena para los acuerdos, me parece un c\u00e1lculo muy optimista pensar que las dificultades del Gobierno de Areces con el PP e IU se deben a la proximidad de los comicios. Si as\u00ed fuera no habr\u00eda de qu\u00e9 preocuparse: despu\u00e9s del nueve de marzo brotar\u00eda el consenso.<br \/>\n     En Asturias siempre hubo un d\u00e9ficit de la cultura de pacto pol\u00edtico. Hasta el a\u00f1o 2003 nunca se hab\u00eda formado un gobierno de coalici\u00f3n, pese a que en la mayor parte de las legislaturas ning\u00fan partido goz\u00f3 de mayor\u00eda absoluta. Es un hecho que un d\u00eda merece ser analizado en profundidad, porque en territorios con fuertes enfrentamientos y \u00e1speros debates pol\u00edticos los gobiernos de varios partidos son frecuentes: Pa\u00eds Vasco, Israel, Italia. A la Fade, como a las centrales sindicales, les toca dar un paso al frente para que el Parlamento no sea un obst\u00e1culo para gobernar. La concertaci\u00f3n social no sirve sin acuerdo pol\u00edtico.<\/p>\n<!-- AddThis Advanced Settings generic via filter on the_content --><!-- AddThis Share Buttons generic via filter on the_content -->","protected":false},"excerpt":{"rendered":"<p>Severino Garc\u00eda Vig\u00f3n se muestra satisfecho por el acuerdo de concertaci\u00f3n social (ACEBA) alcanzado por la Fade con el Principado y las centrales sindicales de UGT y CC.OO. Como el resto de las partes reconoce que ha tenido que ceder en alg\u00fan aspecto para poder llegar al pacto. A cambio, la Fade ha logrado introducir [&hellip;]<!-- AddThis Advanced Settings generic via filter on get_the_excerpt --><!-- AddThis Share Buttons generic via filter on get_the_excerpt --><\/p>\n","protected":false},"author":2,"featured_media":0,"comment_status":"open","ping_status":"closed","sticky":false,"template":"","format":"standard","meta":[],"categories":[4],"tags":[],"_links":{"self":[{"href":"https:\/\/blogs.elcomercio.es\/largo_de_cafe\/wp-json\/wp\/v2\/posts\/181"}],"collection":[{"href":"https:\/\/blogs.elcomercio.es\/largo_de_cafe\/wp-json\/wp\/v2\/posts"}],"about":[{"href":"https:\/\/blogs.elcomercio.es\/largo_de_cafe\/wp-json\/wp\/v2\/types\/post"}],"author":[{"embeddable":true,"href":"https:\/\/blogs.elcomercio.es\/largo_de_cafe\/wp-json\/wp\/v2\/users\/2"}],"replies":[{"embeddable":true,"href":"https:\/\/blogs.elcomercio.es\/largo_de_cafe\/wp-json\/wp\/v2\/comments?post=181"}],"version-history":[{"count":0,"href":"https:\/\/blogs.elcomercio.es\/largo_de_cafe\/wp-json\/wp\/v2\/posts\/181\/revisions"}],"wp:attachment":[{"href":"https:\/\/blogs.elcomercio.es\/largo_de_cafe\/wp-json\/wp\/v2\/media?parent=181"}],"wp:term":[{"taxonomy":"category","embeddable":true,"href":"https:\/\/blogs.elcomercio.es\/largo_de_cafe\/wp-json\/wp\/v2\/categories?post=181"},{"taxonomy":"post_tag","embeddable":true,"href":"https:\/\/blogs.elcomercio.es\/largo_de_cafe\/wp-json\/wp\/v2\/tags?post=181"}],"curies":[{"name":"wp","href":"https:\/\/api.w.org\/{rel}","templated":true}]}}