{"id":190,"date":"2008-01-10T08:02:24","date_gmt":"2008-01-10T08:02:24","guid":{"rendered":"http:\/\/blogs.elcomercio.es\/largo_de_cafe\/?p=190"},"modified":"2008-01-10T08:02:24","modified_gmt":"2008-01-10T08:02:24","slug":"brigada-salvamento","status":"publish","type":"post","link":"https:\/\/blogs.elcomercio.es\/largo_de_cafe\/2008\/01\/10\/brigada-salvamento\/","title":{"rendered":"BRIGADA DE SALVAMENTO"},"content":{"rendered":"<p>     Igor Portu y Mart\u00edn Sarasola, los dos etarras detenidos el pasado domingo en Mondrag\u00f3n (Guip\u00fazcoa), fueron los autores del atentado en la Terminal de Barajas, el 30 de diciembre de 2006, que cost\u00f3 la vida a dos trabajadores inmigrantes y puso fin al llamado \u201cproceso de paz\u201d. En el atentado colabor\u00f3 un tercer terrorista, Mikel San Sebasti\u00e1n, que se encuentra huido. Todos ellos actuaban bajo las \u00f3rdenes de un lugarteniente de Cheroki, el dirigente de la banda que siempre se le ha asociado con la l\u00ednea m\u00e1s dura de la organizaci\u00f3n. Los detenidos han dado conocer los planes del comando que pasaban por un pr\u00f3ximo atentado de grandes dimensiones en el centro de Madrid. <\/p>\n<p>      La Guardia Civil ha realizado un importante servicio a la democracia al detener a los autores de la bomba de la Terminal de Barajas, que conmocion\u00f3 a la opini\u00f3n p\u00fablica espa\u00f1ola, tras estar cerca de cuatro a\u00f1os sin sufrir atentados mortales. La neutralizaci\u00f3n de los terroristas tiene un valor impagable, porque evidencia la fortaleza del Estado frente a la banda etarra. La actuaci\u00f3n cobra una mayor importancia, a\u00fan, si se tiene en cuenta que el comando pensaba cometer, pr\u00f3ximamente, otro atentado en Madrid con un coche bomba. El servicio de la Guardia Civil se asemeja a los que realiza una brigada de salvamento al rescatar vidas. As\u00ed hay que valorar la actuaci\u00f3n preventiva de las fuerzas de seguridad al detener a comandos que est\u00e1n activos: dos terroristas detenidos y 150 kilos de explosivos requisados en dos escondites de la banda. <\/p>\n<p>      A dos meses de las elecciones generales, los partidos pol\u00edticos deber\u00edan renunciar a demag\u00f3gicas rebajas fiscales o a realizar costosos \u201cregalos\u201d para j\u00f3venes a cuenta de la Hacienda estatal, y reconocer que la divisi\u00f3n parlamentaria en torno a la pol\u00edtica antiterrorista no puede volver a repetirse. Cuando ETA planea cometer un gran atentado en Madrid, resulta contrario al sentido com\u00fan que las fuerzas democr\u00e1ticas se tiren los trastos a la cabeza a cuenta de c\u00f3mo hay que enfrentarse a la banda etarra. La dura reacci\u00f3n del Gobierno vasco por las lesiones causadas a los dos etarras, al ser detenidos, evidencia que los grandes partidos democr\u00e1ticos tienen que estar unidos ante los enemigos de la Constituci\u00f3n. <\/p>\n<!-- AddThis Advanced Settings generic via filter on the_content --><!-- AddThis Share Buttons generic via filter on the_content -->","protected":false},"excerpt":{"rendered":"<p>Igor Portu y Mart\u00edn Sarasola, los dos etarras detenidos el pasado domingo en Mondrag\u00f3n (Guip\u00fazcoa), fueron los autores del atentado en la Terminal de Barajas, el 30 de diciembre de 2006, que cost\u00f3 la vida a dos trabajadores inmigrantes y puso fin al llamado \u201cproceso de paz\u201d. En el atentado colabor\u00f3 un tercer terrorista, Mikel [&hellip;]<!-- AddThis Advanced Settings generic via filter on get_the_excerpt --><!-- AddThis Share Buttons generic via filter on get_the_excerpt --><\/p>\n","protected":false},"author":2,"featured_media":0,"comment_status":"open","ping_status":"closed","sticky":false,"template":"","format":"standard","meta":[],"categories":[4],"tags":[],"_links":{"self":[{"href":"https:\/\/blogs.elcomercio.es\/largo_de_cafe\/wp-json\/wp\/v2\/posts\/190"}],"collection":[{"href":"https:\/\/blogs.elcomercio.es\/largo_de_cafe\/wp-json\/wp\/v2\/posts"}],"about":[{"href":"https:\/\/blogs.elcomercio.es\/largo_de_cafe\/wp-json\/wp\/v2\/types\/post"}],"author":[{"embeddable":true,"href":"https:\/\/blogs.elcomercio.es\/largo_de_cafe\/wp-json\/wp\/v2\/users\/2"}],"replies":[{"embeddable":true,"href":"https:\/\/blogs.elcomercio.es\/largo_de_cafe\/wp-json\/wp\/v2\/comments?post=190"}],"version-history":[{"count":0,"href":"https:\/\/blogs.elcomercio.es\/largo_de_cafe\/wp-json\/wp\/v2\/posts\/190\/revisions"}],"wp:attachment":[{"href":"https:\/\/blogs.elcomercio.es\/largo_de_cafe\/wp-json\/wp\/v2\/media?parent=190"}],"wp:term":[{"taxonomy":"category","embeddable":true,"href":"https:\/\/blogs.elcomercio.es\/largo_de_cafe\/wp-json\/wp\/v2\/categories?post=190"},{"taxonomy":"post_tag","embeddable":true,"href":"https:\/\/blogs.elcomercio.es\/largo_de_cafe\/wp-json\/wp\/v2\/tags?post=190"}],"curies":[{"name":"wp","href":"https:\/\/api.w.org\/{rel}","templated":true}]}}