{"id":194,"date":"2008-01-14T08:12:04","date_gmt":"2008-01-14T08:12:04","guid":{"rendered":"http:\/\/blogs.elcomercio.es\/largo_de_cafe\/?p=194"},"modified":"2008-01-14T08:12:04","modified_gmt":"2008-01-14T08:12:04","slug":"meros-espectadores","status":"publish","type":"post","link":"https:\/\/blogs.elcomercio.es\/largo_de_cafe\/2008\/01\/14\/meros-espectadores\/","title":{"rendered":"Meros espectadores"},"content":{"rendered":"<p>La direcci\u00f3n regional del PP ve con buenos ojos que Fern\u00e1ndez Pardo vaya en el segundo lugar de la candidatura auton\u00f3mica respaldando a Gabino de Lorenzo. Desde que Alicia Castro manifest\u00f3 que dejaba la pol\u00edtica, la direcci\u00f3n del PP no emiti\u00f3 ning\u00fan mensaje sobre cu\u00e1l deb\u00eda ser la representaci\u00f3n de la derecha asturiana en Madrid. Se supone que los organismos de direcci\u00f3n est\u00e1n, entre otras cosas, para confeccionar las candidaturas electorales o, al menos, para hacer propuestas, pero el grupo que encabeza Ovidio S\u00e1nchez dej\u00f3 correr la bola en espera de que llegase el d\u00eda de la proclamaci\u00f3n de candidatos. No le gust\u00f3 que se especulase con Jaime Reinares ni quiso saber nada cuando surgi\u00f3 el nombre de Pilar Fern\u00e1ndez Pardo. Ovidio S\u00e1nchez no es amigo de cambios, as\u00ed que al faltar Alicia Castro, opt\u00f3 porque corriese la lista de nombres de la candidatura del 2004 para que Isidro Fern\u00e1ndez Rozada encabezase la papeleta. A eso jugaba Ovidio y en esa direcci\u00f3n trabajaba Rozada. Hasta que De Lorenzo dio un paso al frente. <\/p>\n<p>El alcalde de Oviedo se tir\u00f3 a la piscina sin dar cuenta a la direcci\u00f3n regional, por resultar un tr\u00e1mite ocioso en Asturias, algo impensable en otras circunscripciones electorales. La entrada de Pilar Fern\u00e1ndez Pardo en la candidatura es un paso imprescindible para la organizaci\u00f3n gijonesa del PP, si no quiere quedar marginada de la nueva din\u00e1mica interna que se abre en el partido. Desde una perspectiva electoral, la participaci\u00f3n de la concejala gijonesa tambi\u00e9n es un acierto porque refuerza las opciones del PP, equilibra la insoslayable dimensi\u00f3n ovetense de De Lorenzo y contribuye a dar una imagen de renovaci\u00f3n y cambio en la candidatura al Congreso de los Diputados. Ahora bien, en el desembarco de Pilar Fern\u00e1ndez Pardo, como en el de Gabino de Lorenzo, la direcci\u00f3n del PP es una mera espectadora. Tras las ofertas de los interesados, falta saber si la direcci\u00f3n nacional de Mariano Rajoy da el visto bueno al planteamiento electoral realizado desde Oviedo y Gij\u00f3n. De Lorenzo declar\u00f3, ayer, que ofrece \u00abtrabajo, ilusi\u00f3n y esperanza\u00bb. Parecen palabras comunes en cualquier candidato, sin embargo, en la representaci\u00f3n del PP asturiano suenan como nuevas. As\u00ed de atascado estaba el PP regional.<\/p>\n<!-- AddThis Advanced Settings generic via filter on the_content --><!-- AddThis Share Buttons generic via filter on the_content -->","protected":false},"excerpt":{"rendered":"<p>La direcci\u00f3n regional del PP ve con buenos ojos que Fern\u00e1ndez Pardo vaya en el segundo lugar de la candidatura auton\u00f3mica respaldando a Gabino de Lorenzo. Desde que Alicia Castro manifest\u00f3 que dejaba la pol\u00edtica, la direcci\u00f3n del PP no emiti\u00f3 ning\u00fan mensaje sobre cu\u00e1l deb\u00eda ser la representaci\u00f3n de la derecha asturiana en Madrid. [&hellip;]<!-- AddThis Advanced Settings generic via filter on get_the_excerpt --><!-- AddThis Share Buttons generic via filter on get_the_excerpt --><\/p>\n","protected":false},"author":2,"featured_media":0,"comment_status":"open","ping_status":"closed","sticky":false,"template":"","format":"standard","meta":[],"categories":[4],"tags":[],"_links":{"self":[{"href":"https:\/\/blogs.elcomercio.es\/largo_de_cafe\/wp-json\/wp\/v2\/posts\/194"}],"collection":[{"href":"https:\/\/blogs.elcomercio.es\/largo_de_cafe\/wp-json\/wp\/v2\/posts"}],"about":[{"href":"https:\/\/blogs.elcomercio.es\/largo_de_cafe\/wp-json\/wp\/v2\/types\/post"}],"author":[{"embeddable":true,"href":"https:\/\/blogs.elcomercio.es\/largo_de_cafe\/wp-json\/wp\/v2\/users\/2"}],"replies":[{"embeddable":true,"href":"https:\/\/blogs.elcomercio.es\/largo_de_cafe\/wp-json\/wp\/v2\/comments?post=194"}],"version-history":[{"count":0,"href":"https:\/\/blogs.elcomercio.es\/largo_de_cafe\/wp-json\/wp\/v2\/posts\/194\/revisions"}],"wp:attachment":[{"href":"https:\/\/blogs.elcomercio.es\/largo_de_cafe\/wp-json\/wp\/v2\/media?parent=194"}],"wp:term":[{"taxonomy":"category","embeddable":true,"href":"https:\/\/blogs.elcomercio.es\/largo_de_cafe\/wp-json\/wp\/v2\/categories?post=194"},{"taxonomy":"post_tag","embeddable":true,"href":"https:\/\/blogs.elcomercio.es\/largo_de_cafe\/wp-json\/wp\/v2\/tags?post=194"}],"curies":[{"name":"wp","href":"https:\/\/api.w.org\/{rel}","templated":true}]}}