{"id":197,"date":"2008-01-16T08:21:47","date_gmt":"2008-01-16T08:21:47","guid":{"rendered":"http:\/\/blogs.elcomercio.es\/largo_de_cafe\/?p=197"},"modified":"2008-01-16T08:21:47","modified_gmt":"2008-01-16T08:21:47","slug":"negociar-sin-complejos-2","status":"publish","type":"post","link":"https:\/\/blogs.elcomercio.es\/largo_de_cafe\/2008\/01\/16\/negociar-sin-complejos-2\/","title":{"rendered":"NEGOCIAR SIN COMPLEJOS"},"content":{"rendered":"<p>     Con la oferta de Gabino de Lorenzo para encabezar la lista del PP al Congreso de los Diputados, sobre la mesa, el resto de la lista popular es un c\u00famulo de especulaciones. Una vez que Mariano Rajoy confirme, el pr\u00f3ximo jueves, al alcalde de Oviedo como n\u00famero uno de la candidatura auton\u00f3mica, se armar\u00e1n las siguientes piezas del rompecabezas. Los preparativos corren de la mano de Gabino de Lorenzo y Ovidio S\u00e1nchez, aunque a Pilar Fern\u00e1ndez Pardo se la ha tranquilizado con una invitaci\u00f3n para ocupar el segundo puesto de la candidatura al Congreso de los Diputados, a trav\u00e9s de una conversaci\u00f3n telef\u00f3nica. Una vez fijados los dos primeros eslabones de la cadena (Oviedo-Gij\u00f3n), el resto quedar\u00e1 encarrilado de forma que se visualice el nuevo equilibrio de poder en el partido. De Lorenzo tratar\u00e1 de colocar a su gente (Reinares, Sopesa, Espinosa) en puestos de salida, pero tendr\u00e1 que hacer concesiones, porque el PP asturiano es algo m\u00e1s que Oviedo y alrededores.  <\/p>\n<p>      La oferta de Gabino de Lorenzo para ir a Madrid fue recibida con alborozo por la familia popular. Militantes y votantes saben que De Lorenzo es el principal activo electoral del PP asturiano, as\u00ed que se alegran por la decisi\u00f3n tomada, que hoy quedar\u00e1 ratificada por el comit\u00e9 electoral regional y enviada a Madrid para que Rajoy la pase a limpio. A no ser que el descarte de Ruiz Gallard\u00f3n lleve a desempolvar la vieja teor\u00eda de las incompatibilidades entre el Hemeciclo y las alcald\u00edas. Todo puede ser. <\/p>\n<p>     Se comentan las consecuencias electorales del liderazgo de Gabino de Lorenzo sin reparar en los cambios que implicar\u00e1 en el interior de la organizaci\u00f3n del PP. Para buena parte de los dirigentes del PP regional el salto de Gabino a la pol\u00edtica nacional dejar\u00e1 en precario sus expectativas pol\u00edticas. Ni el presidente y el secretario general del PP asturiano ni la mayor\u00eda de los integrantes del grupo parlamentario en la Junta General del Principado tienen el futuro despejado. Las modificaciones en la candidatura al Congreso de los Diputados preludian los cambios en el Congreso del partido que se celebrar\u00e1 este a\u00f1o. Por eso, a los representantes de la organizaci\u00f3n gijonesa les interesa hablar con fuerza, de t\u00fa a t\u00fa, con las huestes de Gabino. Negociar sin complejos. <\/p>\n<!-- AddThis Advanced Settings generic via filter on the_content --><!-- AddThis Share Buttons generic via filter on the_content -->","protected":false},"excerpt":{"rendered":"<p>Con la oferta de Gabino de Lorenzo para encabezar la lista del PP al Congreso de los Diputados, sobre la mesa, el resto de la lista popular es un c\u00famulo de especulaciones. Una vez que Mariano Rajoy confirme, el pr\u00f3ximo jueves, al alcalde de Oviedo como n\u00famero uno de la candidatura auton\u00f3mica, se armar\u00e1n las [&hellip;]<!-- AddThis Advanced Settings generic via filter on get_the_excerpt --><!-- AddThis Share Buttons generic via filter on get_the_excerpt --><\/p>\n","protected":false},"author":2,"featured_media":0,"comment_status":"open","ping_status":"closed","sticky":false,"template":"","format":"standard","meta":[],"categories":[4],"tags":[],"_links":{"self":[{"href":"https:\/\/blogs.elcomercio.es\/largo_de_cafe\/wp-json\/wp\/v2\/posts\/197"}],"collection":[{"href":"https:\/\/blogs.elcomercio.es\/largo_de_cafe\/wp-json\/wp\/v2\/posts"}],"about":[{"href":"https:\/\/blogs.elcomercio.es\/largo_de_cafe\/wp-json\/wp\/v2\/types\/post"}],"author":[{"embeddable":true,"href":"https:\/\/blogs.elcomercio.es\/largo_de_cafe\/wp-json\/wp\/v2\/users\/2"}],"replies":[{"embeddable":true,"href":"https:\/\/blogs.elcomercio.es\/largo_de_cafe\/wp-json\/wp\/v2\/comments?post=197"}],"version-history":[{"count":0,"href":"https:\/\/blogs.elcomercio.es\/largo_de_cafe\/wp-json\/wp\/v2\/posts\/197\/revisions"}],"wp:attachment":[{"href":"https:\/\/blogs.elcomercio.es\/largo_de_cafe\/wp-json\/wp\/v2\/media?parent=197"}],"wp:term":[{"taxonomy":"category","embeddable":true,"href":"https:\/\/blogs.elcomercio.es\/largo_de_cafe\/wp-json\/wp\/v2\/categories?post=197"},{"taxonomy":"post_tag","embeddable":true,"href":"https:\/\/blogs.elcomercio.es\/largo_de_cafe\/wp-json\/wp\/v2\/tags?post=197"}],"curies":[{"name":"wp","href":"https:\/\/api.w.org\/{rel}","templated":true}]}}