{"id":200,"date":"2008-01-19T11:51:26","date_gmt":"2008-01-19T11:51:26","guid":{"rendered":"http:\/\/blogs.elcomercio.es\/largo_de_cafe\/?p=200"},"modified":"2008-01-19T11:51:26","modified_gmt":"2008-01-19T11:51:26","slug":"made-in-gabino-2","status":"publish","type":"post","link":"https:\/\/blogs.elcomercio.es\/largo_de_cafe\/2008\/01\/19\/made-in-gabino-2\/","title":{"rendered":"\u201cMADE IN\u201d GABINO"},"content":{"rendered":"<p>     Gabino de Lorenzo no se rige por los procedimientos pol\u00edticos habituales. Esa es la consecuencia que se desprende de la carta que envi\u00f3 al presidente del comit\u00e9 electoral regional, Jaime Reinares. Una vez ratificado por Madrid como cabeza de lista al Congreso de los Diputados, el alcalde de Oviedo se dispone a elaborar una propuesta completa de candidatura, adelant\u00e1ndose a la tarea del comit\u00e9 electoral. Ning\u00fan candidato provincial, de cualquier partido, se atrever\u00eda a tomar una iniciativa semejante. La candidatura es el reflejo del sentir de toda la organizaci\u00f3n y para eso est\u00e1n los comit\u00e9s electorales, formados sobre la base de un equilibrio de municipios. Pero De Lorenzo no se atiene a esa norma, y act\u00faa como el capit\u00e1n de un equipo de f\u00fatbol que se arroga el derecho de escribir la alineaci\u00f3n del equipo con el nombre de los jugadores que van a saltar al campo. De Lorenzo quiere que le acompa\u00f1en los m\u00e1s representativos, y nadie mejor que el alcalde de Oviedo para saber los militantes del PP que mejor representan a Asturias. <\/p>\n<p>     Gabino tiene un estilo directo, te\u00f1ido de populismo, que ha triunfado en Oviedo. Hay mucha gente que admira a De Lorenzo, y si se tiene un m\u00ednimo de imparcialidad, no quedar\u00e1 otro remedio que reconocer que ha sido el art\u00edfice del gran cambio operado en su ciudad. Pero los partidos pol\u00edticos tienen unas normas que ata\u00f1en a todos sus militantes. Con la misiva enviada a Reinares, el primero que queda cuestionado es Ovidio S\u00e1nchez. El presidente del PP tendr\u00e1 que decidir entre seguir aplaudiendo el desembarco de Gabino en la pol\u00edtica nacional, o hacer alguna precisi\u00f3n: las aspiraciones electorales de la organizaci\u00f3n ovetense se vierten en el comit\u00e9 regional, en pie de igualdad con las de cualquier otra organizaci\u00f3n municipal. <\/p>\n<p>     En la carta, De Lorenzo habla de formar una candidatura triunfadora, y de realizar una renovaci\u00f3n del PP. Puede ser una lista ganadora, pero la renovaci\u00f3n de un partido pol\u00edtico no se realiza en tiempos electorales sino en congresuales. En la carta, hay un matiz muy positivo, desconocido hasta ahora en el alcalde de la capital: cita antes a Gij\u00f3n que a Oviedo, en una relaci\u00f3n jerarquizada de municipios. Acierta: en democracia, el n\u00famero de ciudadanos es clave.   <\/p>\n<!-- AddThis Advanced Settings generic via filter on the_content --><!-- AddThis Share Buttons generic via filter on the_content -->","protected":false},"excerpt":{"rendered":"<p>Gabino de Lorenzo no se rige por los procedimientos pol\u00edticos habituales. Esa es la consecuencia que se desprende de la carta que envi\u00f3 al presidente del comit\u00e9 electoral regional, Jaime Reinares. Una vez ratificado por Madrid como cabeza de lista al Congreso de los Diputados, el alcalde de Oviedo se dispone a elaborar una propuesta [&hellip;]<!-- AddThis Advanced Settings generic via filter on get_the_excerpt --><!-- AddThis Share Buttons generic via filter on get_the_excerpt --><\/p>\n","protected":false},"author":2,"featured_media":0,"comment_status":"open","ping_status":"closed","sticky":false,"template":"","format":"standard","meta":[],"categories":[4],"tags":[],"_links":{"self":[{"href":"https:\/\/blogs.elcomercio.es\/largo_de_cafe\/wp-json\/wp\/v2\/posts\/200"}],"collection":[{"href":"https:\/\/blogs.elcomercio.es\/largo_de_cafe\/wp-json\/wp\/v2\/posts"}],"about":[{"href":"https:\/\/blogs.elcomercio.es\/largo_de_cafe\/wp-json\/wp\/v2\/types\/post"}],"author":[{"embeddable":true,"href":"https:\/\/blogs.elcomercio.es\/largo_de_cafe\/wp-json\/wp\/v2\/users\/2"}],"replies":[{"embeddable":true,"href":"https:\/\/blogs.elcomercio.es\/largo_de_cafe\/wp-json\/wp\/v2\/comments?post=200"}],"version-history":[{"count":0,"href":"https:\/\/blogs.elcomercio.es\/largo_de_cafe\/wp-json\/wp\/v2\/posts\/200\/revisions"}],"wp:attachment":[{"href":"https:\/\/blogs.elcomercio.es\/largo_de_cafe\/wp-json\/wp\/v2\/media?parent=200"}],"wp:term":[{"taxonomy":"category","embeddable":true,"href":"https:\/\/blogs.elcomercio.es\/largo_de_cafe\/wp-json\/wp\/v2\/categories?post=200"},{"taxonomy":"post_tag","embeddable":true,"href":"https:\/\/blogs.elcomercio.es\/largo_de_cafe\/wp-json\/wp\/v2\/tags?post=200"}],"curies":[{"name":"wp","href":"https:\/\/api.w.org\/{rel}","templated":true}]}}