{"id":206,"date":"2008-01-25T08:12:10","date_gmt":"2008-01-25T08:12:10","guid":{"rendered":"http:\/\/blogs.elcomercio.es\/largo_de_cafe\/?p=206"},"modified":"2008-01-25T08:12:10","modified_gmt":"2008-01-25T08:12:10","slug":"habra-segunda-vuelta","status":"publish","type":"post","link":"https:\/\/blogs.elcomercio.es\/largo_de_cafe\/2008\/01\/25\/habra-segunda-vuelta\/","title":{"rendered":"HABR\u00c1 SEGUNDA VUELTA"},"content":{"rendered":"<p>     El presidente del PP regional considera que las especulaciones sobre la candidatura al Congreso de los Diputados dieron paso a una lista impuesta por el partido, que es el que tiene la obligaci\u00f3n de presentarla. No se trataba de simples c\u00e1balas, sino de una propuesta del cabeza de candidatura, De Lorenzo, que contaba con el apoyo de las dos principales organizaciones del PP asturiano, las de Gij\u00f3n y Oviedo. Una alternativa as\u00ed es algo m\u00e1s que un comentario de caf\u00e9. No le correspond\u00eda a De Lorenzo presentar candidatos, pero no tiene mucho sentido que se aplauda con entusiasmo el salto a la pol\u00edtica nacional de Gabino y que luego se rechace el m\u00e9todo de elaborar la lista, basado en la representatividad territorial. <\/p>\n<p>    La candidatura aprobada por el comit\u00e9 electoral regional y confirmada por el comit\u00e9 electoral nacional deber\u00eda ser representativa del sentir de las bases militantes del PP, pero no ha sido recibida con gran entusiasmo, m\u00e1s all\u00e1 de los parabienes que le prodiga Ovidio S\u00e1nchez. En Gij\u00f3n, las huestes de Pilar Fern\u00e1ndez Pardo pasan por la humillaci\u00f3n de verse relegadas y ninguneadas por el aparato del partido, lo que en su caso significa lluvia sobre suelo mojado. De Lorenzo tambi\u00e9n ha tenido que aceptar el reajuste de nombres realizado por el aparato, porque en caso contrario ser\u00eda sustituido por otro dirigente. Podr\u00edan estar contentos los seguidores de Ovidio S\u00e1nchez, pero el presidente del PP regional es un dirigente at\u00edpico que no cuenta con seguidores, sino que se limita a ocupar el enorme hueco dejado al derrumbarse el edificio del PP asturiano tras la crisis del Gobierno de Marqu\u00e9s. En conclusi\u00f3n, los \u00fanicos contentos son Ovidio y Rozada. <\/p>\n<p>     Desde que Gabino de Lorenzo entr\u00f3 en competencia electoral, hubo mucha gente que empez\u00f3 a contar los votos que ganar\u00eda el PP. No creo que sea as\u00ed. Los sufragios se los reparten Zapatero y Rajoy. Los asturianos, como los andaluces o los gallegos, votaremos en clave nacional. La gente siente que de la urna sale un gobierno, no tal o cual diputado. Si se piensa en el resultado de las elecciones, los cambios en la candidatura no producir\u00e1n variaciones apreciables. Sin embargo, la imposici\u00f3n del aparato no ser\u00e1 balad\u00ed: habr\u00e1 un congreso de revancha.  <\/p>\n<!-- AddThis Advanced Settings generic via filter on the_content --><!-- AddThis Share Buttons generic via filter on the_content -->","protected":false},"excerpt":{"rendered":"<p>El presidente del PP regional considera que las especulaciones sobre la candidatura al Congreso de los Diputados dieron paso a una lista impuesta por el partido, que es el que tiene la obligaci\u00f3n de presentarla. No se trataba de simples c\u00e1balas, sino de una propuesta del cabeza de candidatura, De Lorenzo, que contaba con el [&hellip;]<!-- AddThis Advanced Settings generic via filter on get_the_excerpt --><!-- AddThis Share Buttons generic via filter on get_the_excerpt --><\/p>\n","protected":false},"author":2,"featured_media":0,"comment_status":"open","ping_status":"closed","sticky":false,"template":"","format":"standard","meta":[],"categories":[4],"tags":[],"_links":{"self":[{"href":"https:\/\/blogs.elcomercio.es\/largo_de_cafe\/wp-json\/wp\/v2\/posts\/206"}],"collection":[{"href":"https:\/\/blogs.elcomercio.es\/largo_de_cafe\/wp-json\/wp\/v2\/posts"}],"about":[{"href":"https:\/\/blogs.elcomercio.es\/largo_de_cafe\/wp-json\/wp\/v2\/types\/post"}],"author":[{"embeddable":true,"href":"https:\/\/blogs.elcomercio.es\/largo_de_cafe\/wp-json\/wp\/v2\/users\/2"}],"replies":[{"embeddable":true,"href":"https:\/\/blogs.elcomercio.es\/largo_de_cafe\/wp-json\/wp\/v2\/comments?post=206"}],"version-history":[{"count":0,"href":"https:\/\/blogs.elcomercio.es\/largo_de_cafe\/wp-json\/wp\/v2\/posts\/206\/revisions"}],"wp:attachment":[{"href":"https:\/\/blogs.elcomercio.es\/largo_de_cafe\/wp-json\/wp\/v2\/media?parent=206"}],"wp:term":[{"taxonomy":"category","embeddable":true,"href":"https:\/\/blogs.elcomercio.es\/largo_de_cafe\/wp-json\/wp\/v2\/categories?post=206"},{"taxonomy":"post_tag","embeddable":true,"href":"https:\/\/blogs.elcomercio.es\/largo_de_cafe\/wp-json\/wp\/v2\/tags?post=206"}],"curies":[{"name":"wp","href":"https:\/\/api.w.org\/{rel}","templated":true}]}}