{"id":22,"date":"2007-07-26T13:48:12","date_gmt":"2007-07-26T13:48:12","guid":{"rendered":"http:\/\/blogs.elcomercio.es\/largo_de_cafe\/?p=22"},"modified":"2007-07-26T13:48:12","modified_gmt":"2007-07-26T13:48:12","slug":"balance-50-dias","status":"publish","type":"post","link":"https:\/\/blogs.elcomercio.es\/largo_de_cafe\/2007\/07\/26\/balance-50-dias\/","title":{"rendered":"Balance de 50 d\u00edas"},"content":{"rendered":"<p>Juan Neira<\/p>\n<p>A los cincuenta d\u00edas de la ruptura del alto el fuego, ETA ha hecho estallar dos peque\u00f1os artefactos en los Pirineos navarros sin que causaran da\u00f1os ni personales ni materiales. La jornada reina del Tour de Francia, con final en la m\u00edtica cumbre del Aubisque, fue el motivo aparente que inspir\u00f3 la \u201chaza\u00f1a\u201d del grupo terrorista, pensando en la repercusi\u00f3n medi\u00e1tica del atentado. Hagamos un breve balance de los dos meses transcurridos desde que ETA renov\u00f3 su amenaza. <\/p>\n<p>Nadie esperaba tanta tardanza en atentar. Hasta que logr\u00f3 colocar las dos peque\u00f1as bombas, quince activistas de ETA fueron detenidos. Si a ello sumamos la ca\u00edda del grueso del comando Donosti, antes de las elecciones, hay que concluir que las polic\u00edas espa\u00f1ola y francesa han causado da\u00f1os sensibles a la estructura de ETA en este tiempo. En los \u00faltimos d\u00edas se ha especulado sobre la hipot\u00e9tica reconstrucci\u00f3n del comando Madrid y sobre la posible introducci\u00f3n de un comando en Andaluc\u00eda. Puede ser. Es posible que estemos, por desgracia, en v\u00edsperas de atentados cruentos, pero los datos del presente invitan a pensar que la situaci\u00f3n es otra: la banda est\u00e1 d\u00e9bil y, sobre todo, la Polic\u00eda sigue muy bien los pasos de sus activistas. Para una organizaci\u00f3n que mantuvo un proceso de negociaci\u00f3n con el Gobierno y lo rompi\u00f3 unilateralmente, no hay mayor descr\u00e9dito que ver c\u00f3mo caen en manos de la Polic\u00eda sus \u201cliberados\u201d, mientras quedan abortados sus planes de atentar en la costa Mediterr\u00e1nea, Santander, Andaluc\u00eda y el propio Pa\u00eds Vasco. <\/p>\n<p>El ministro del Interior ha advertido que la Polic\u00eda no siempre va a tener suerte. <\/p>\n<p>Hace bien en lanzar ese mensaje, pero las cosas han evolucionado mejor de lo previsto desde que la banda declar\u00f3 abiertos \u201ctodos los frentes\u201d. <\/p>\n<p>Desde la \u00faltima gran oleada de atentados, hace ahora justamente siete a\u00f1os, la Polic\u00eda ha detenido a centenares de etarras. Ni el contexto internacional, ni el estado de la opini\u00f3n p\u00fablica vasca, ni la situaci\u00f3n interna de la banda obligan a pensar en la necesidad de reabrir procesos de paz. La fuerza de la democracia y la profesionalidad de la Polic\u00eda son suficientes. Un ejemplo: Otegi acaba de abrir una p\u00e1gina web para pedir su excarcelaci\u00f3n. Nadie se acuerda de \u00e9l y eso que vive en San Sebasti\u00e1n. <\/p>\n<!-- AddThis Advanced Settings generic via filter on the_content --><!-- AddThis Share Buttons generic via filter on the_content -->","protected":false},"excerpt":{"rendered":"<p>Juan Neira A los cincuenta d\u00edas de la ruptura del alto el fuego, ETA ha hecho estallar dos peque\u00f1os artefactos en los Pirineos navarros sin que causaran da\u00f1os ni personales ni materiales. La jornada reina del Tour de Francia, con final en la m\u00edtica cumbre del Aubisque, fue el motivo aparente que inspir\u00f3 la \u201chaza\u00f1a\u201d [&hellip;]<!-- AddThis Advanced Settings generic via filter on get_the_excerpt --><!-- AddThis Share Buttons generic via filter on get_the_excerpt --><\/p>\n","protected":false},"author":2,"featured_media":0,"comment_status":"open","ping_status":"closed","sticky":false,"template":"","format":"standard","meta":[],"categories":[4],"tags":[],"_links":{"self":[{"href":"https:\/\/blogs.elcomercio.es\/largo_de_cafe\/wp-json\/wp\/v2\/posts\/22"}],"collection":[{"href":"https:\/\/blogs.elcomercio.es\/largo_de_cafe\/wp-json\/wp\/v2\/posts"}],"about":[{"href":"https:\/\/blogs.elcomercio.es\/largo_de_cafe\/wp-json\/wp\/v2\/types\/post"}],"author":[{"embeddable":true,"href":"https:\/\/blogs.elcomercio.es\/largo_de_cafe\/wp-json\/wp\/v2\/users\/2"}],"replies":[{"embeddable":true,"href":"https:\/\/blogs.elcomercio.es\/largo_de_cafe\/wp-json\/wp\/v2\/comments?post=22"}],"version-history":[{"count":0,"href":"https:\/\/blogs.elcomercio.es\/largo_de_cafe\/wp-json\/wp\/v2\/posts\/22\/revisions"}],"wp:attachment":[{"href":"https:\/\/blogs.elcomercio.es\/largo_de_cafe\/wp-json\/wp\/v2\/media?parent=22"}],"wp:term":[{"taxonomy":"category","embeddable":true,"href":"https:\/\/blogs.elcomercio.es\/largo_de_cafe\/wp-json\/wp\/v2\/categories?post=22"},{"taxonomy":"post_tag","embeddable":true,"href":"https:\/\/blogs.elcomercio.es\/largo_de_cafe\/wp-json\/wp\/v2\/tags?post=22"}],"curies":[{"name":"wp","href":"https:\/\/api.w.org\/{rel}","templated":true}]}}