{"id":221,"date":"2008-02-09T11:22:48","date_gmt":"2008-02-09T11:22:48","guid":{"rendered":"http:\/\/blogs.elcomercio.es\/largo_de_cafe\/?p=221"},"modified":"2008-02-09T11:22:48","modified_gmt":"2008-02-09T11:22:48","slug":"medicina-crisis","status":"publish","type":"post","link":"https:\/\/blogs.elcomercio.es\/largo_de_cafe\/2008\/02\/09\/medicina-crisis\/","title":{"rendered":"MEDICINA PARA CRISIS"},"content":{"rendered":"<p>     Jaime Rabanal ha justificado el cr\u00e9dito extraordinario solicitado al Parlamento por la necesidad de aplicar los contenidos del acuerdo social (Aceba) para hacer frente a la desaceleraci\u00f3n econ\u00f3mica. Los 95 millones de euros que quiere gastar el Gobierno ser\u00edan la llave para desarrollar inversiones por valor de otros 506 millones, seg\u00fan el consejero de Econom\u00eda. Como se puede ver estamos ante dos novedades, una de car\u00e1cter declarativo, ya que es la primera vez que el Principado reconoce los efectos de la crisis global en la econom\u00eda regional, y otra de revaloraci\u00f3n del pacto social, al presentarlo como un revulsivo ante el decaimiento de la actividad econ\u00f3mica.<\/p>\n<p>      Los motores de la econom\u00eda asturiana (construcci\u00f3n, metal, turismo, energ\u00eda) est\u00e1n unidos al mercado espa\u00f1ol y europeo, de forma que no cabe imaginar un desarrollo aut\u00f3nomo, quedando afectados por la v\u00eda de los aprovisionamientos y de los clientes. Mejor reconocer esta realidad cuanto antes, por eso la declaraci\u00f3n de Rabanal es oportuna. Otra cosa es la eficacia del pacto social para luchar contra la ralentizaci\u00f3n econ\u00f3mica, un asunto discutible. El pensamiento dominante en Asturias, de clara matriz sindical y socialdem\u00f3crata, parte de la idea de que todo lo que sea gastar e invertir anima la econom\u00eda, as\u00ed que el gasto p\u00fablico debe ser bienvenido. Cuando no existe inflaci\u00f3n esta afirmaci\u00f3n es cierta, pero cuando crecen los precios, la cosa cambia. Lo expreso con un ejemplo: de las crisis del petr\u00f3leo de hace treinta a\u00f1os salieron antes los pa\u00edses que restringieron gasto p\u00fablico y nivelaron sus presupuestos. Un tercio del cr\u00e9dito extraordinario solicitado por el Gobierno regional va a destinarse a gasto social, justificable por razones humanitarias, pero que no deja de ser una carga para las arcas p\u00fablicas en un tiempo en el que va a menguar la recaudaci\u00f3n tributaria. <\/p>\n<p>      El Principado quiere evitar el rechazo de los grupos de oposici\u00f3n al cr\u00e9dito extraordinario que plantea en el Parlamento. Primero les record\u00f3 la implicaci\u00f3n de sindicatos y empresarios en el pacto, y ahora saca a relucir los intereses generales de Asturias ante la crisis econ\u00f3mica. Pero falta el dato clave para aprobar el cr\u00e9dito, que saldr\u00e1 de las urnas el 9 de marzo.       <\/p>\n<!-- AddThis Advanced Settings generic via filter on the_content --><!-- AddThis Share Buttons generic via filter on the_content -->","protected":false},"excerpt":{"rendered":"<p>Jaime Rabanal ha justificado el cr\u00e9dito extraordinario solicitado al Parlamento por la necesidad de aplicar los contenidos del acuerdo social (Aceba) para hacer frente a la desaceleraci\u00f3n econ\u00f3mica. Los 95 millones de euros que quiere gastar el Gobierno ser\u00edan la llave para desarrollar inversiones por valor de otros 506 millones, seg\u00fan el consejero de Econom\u00eda. [&hellip;]<!-- AddThis Advanced Settings generic via filter on get_the_excerpt --><!-- AddThis Share Buttons generic via filter on get_the_excerpt --><\/p>\n","protected":false},"author":2,"featured_media":0,"comment_status":"open","ping_status":"closed","sticky":false,"template":"","format":"standard","meta":[],"categories":[4],"tags":[],"_links":{"self":[{"href":"https:\/\/blogs.elcomercio.es\/largo_de_cafe\/wp-json\/wp\/v2\/posts\/221"}],"collection":[{"href":"https:\/\/blogs.elcomercio.es\/largo_de_cafe\/wp-json\/wp\/v2\/posts"}],"about":[{"href":"https:\/\/blogs.elcomercio.es\/largo_de_cafe\/wp-json\/wp\/v2\/types\/post"}],"author":[{"embeddable":true,"href":"https:\/\/blogs.elcomercio.es\/largo_de_cafe\/wp-json\/wp\/v2\/users\/2"}],"replies":[{"embeddable":true,"href":"https:\/\/blogs.elcomercio.es\/largo_de_cafe\/wp-json\/wp\/v2\/comments?post=221"}],"version-history":[{"count":0,"href":"https:\/\/blogs.elcomercio.es\/largo_de_cafe\/wp-json\/wp\/v2\/posts\/221\/revisions"}],"wp:attachment":[{"href":"https:\/\/blogs.elcomercio.es\/largo_de_cafe\/wp-json\/wp\/v2\/media?parent=221"}],"wp:term":[{"taxonomy":"category","embeddable":true,"href":"https:\/\/blogs.elcomercio.es\/largo_de_cafe\/wp-json\/wp\/v2\/categories?post=221"},{"taxonomy":"post_tag","embeddable":true,"href":"https:\/\/blogs.elcomercio.es\/largo_de_cafe\/wp-json\/wp\/v2\/tags?post=221"}],"curies":[{"name":"wp","href":"https:\/\/api.w.org\/{rel}","templated":true}]}}