{"id":229,"date":"2008-02-17T11:25:35","date_gmt":"2008-02-17T11:25:35","guid":{"rendered":"http:\/\/blogs.elcomercio.es\/largo_de_cafe\/?p=229"},"modified":"2008-02-17T11:25:35","modified_gmt":"2008-02-17T11:25:35","slug":"gabino-toma-mando","status":"publish","type":"post","link":"https:\/\/blogs.elcomercio.es\/largo_de_cafe\/2008\/02\/17\/gabino-toma-mando\/","title":{"rendered":"GABINO TOMA EL MANDO"},"content":{"rendered":"<p><strong>La campa\u00f1a de Rajoy da pie a los realineamientos en el PP asturiano<\/strong><\/p>\n<p>La foto de Gabino de Lorenzo, con \u00c1lvaro Cuesta y Laura Gonz\u00e1lez, agarrando la silla vac\u00eda del poder dio inicio a la at\u00edpica campa\u00f1a electoral asturiana, un evento que en el resto de Espa\u00f1a se inicia el d\u00eda 22, pero que en nuestra regi\u00f3n se anticipa, ya que las visitas de Rajoy y Zapatero se programaron para fechas previas.<br \/>\n     Mariano Rajoy estuvo, ayer, en Oviedo, en el auditorio Pr\u00edncipe Felipe. No entiendo por qu\u00e9 el PP asturiano organiza el principal acto de campa\u00f1a en una sala que no caben m\u00e1s de 2.500 personas. Con lo movilizado que est\u00e1 el electorado de la derecha y no se les ocurre otra cosa que programar la cita con Rajoy como si fuese un concierto de la OSPA. Si alg\u00fan efecto tiene un mitin para los que no han estado presentes es comprobar, mediante fotos y v\u00eddeos, la multitudinaria asistencia. En Asturias hay varios recintos p\u00fablicos con capacidad para recibir a mucha m\u00e1s gente que en el auditorio de Oviedo, as\u00ed que la decisi\u00f3n de los organizadores es incomprensible.<br \/>\n      Mariano Rajoy se atuvo al gui\u00f3n de sus \u00faltimas actuaciones p\u00fablicas intercalando la econom\u00eda con los temas m\u00e1s pol\u00e9micos de la \u00faltima legislatura, como la negociaci\u00f3n con ETA o la Ley de Memoria Hist\u00f3rica. Los m\u00edtines propician un discurso de trazo grueso, no apto para los matices, porque se trata de provocar emociones, de trasmitir \u00e1nimo, as\u00ed que los que tenemos inter\u00e9s por ver a Rajoy en profundidad debemos esperar a los \u201ccara a cara\u201d televisados con Zapatero, los pr\u00f3ximos d\u00edas 25 de febrero y 3 de marzo. Estoy convencido que ah\u00ed se juegan ambos l\u00edderes la suerte en las urnas, dado el apretado margen que hay entre el PSOE y el PP en las encuestas.<br \/>\n      En Asturias, los candidatos del PP no est\u00e1n por la labor de participar en debates \u201ccara a cara\u201d televisados con sus rivales directos, como les pidieron los socialistas a Gabino de Lorenzo y a Pilar Fern\u00e1ndez Pardo. Los candidatos asturianos del PP prefieren otros formatos de comparecencia menos arriesgados, dejando que Rajoy haga el trabajo por ellos.<br \/>\n      El l\u00edder nacional del PP ofreci\u00f3 la faz de la alternativa reformista, que no se plantea dudas de identidad ni saltos en el vac\u00edo para desarmar a ETA ni reabrir las cicatrices de heridas hist\u00f3ricas. Esa parte del discurso de Rajoy es una continuaci\u00f3n de la l\u00ednea pol\u00edtica seguida por el PP a lo largo del \u00faltimo mandato. Zapatero introdujo temas que no estaban en la agenda pol\u00edtica (nadie se planteaba la pertinencia de la negociaci\u00f3n con ETA ni la necesidad de reformas tan profundas de los estatutos de autonom\u00eda) y Rajoy encontr\u00f3 un fil\u00f3n para hacer oposici\u00f3n. La parte m\u00e1s consistente de la alternativa de Rajoy est\u00e1 en ofrecer seguridad frente al riesgo de determinadas pol\u00edticas impulsadas por Zapatero, que m\u00e1s tarde tuvo que rectificar, como es el caso del di\u00e1logo con ETA, o que nos han llevado a una posici\u00f3n m\u00e1s conflictiva de la que part\u00edamos, como es la organizaci\u00f3n del mapa auton\u00f3mico.<br \/>\n      La soluci\u00f3n a los problemas de Espa\u00f1a no se puede alumbrar en un mitin, as\u00ed que cuando se inicie la pr\u00f3xima legislatura habr\u00e1 que retomar algunos temas, en sede parlamentaria, como la armonizaci\u00f3n de las desorbitadas reformas estatutarias a las que se han acabado sumando todos los partidos, porque nada tiene m\u00e1s predicamento que un cierto discurso nacionalista (m\u00e1ximo autogobierno) para ser escuchado en un territorio peque\u00f1o. O la obligada y aplaza reforma de la financiaci\u00f3n auton\u00f3mica que todos los partidos est\u00e1n dejando fuera del debate electoral.<br \/>\n      El candidato del PP ha cargado contra el estado de la econom\u00eda espa\u00f1ola. Durante toda la legislatura, cuando se creaba el 40% del empleo de la eurozona, la econom\u00eda estuvo ausente del debate pol\u00edtico. Ahora, los indicadores laborales y burs\u00e1tiles han inflexionado, y Rajoy critica al Gobierno. No conozco ning\u00fan l\u00edder de la oposici\u00f3n que no haga responsable al Gobierno de los malos datos econ\u00f3micos, al igual que no hay presidente de un pa\u00eds que no presuma de ser el art\u00edfice del crecimiento econ\u00f3mico. Seguro que Zapatero est\u00e1 arrepentido de no haber adelantado unos meses las elecciones.<br \/>\n    REBAJAS FISCALES<br \/>\n      Punto y aparte merecen las propuestas tributarias repetidas por Rajoy en Oviedo, que son imposibles de llevar a cabo, como dejar sin la obligaci\u00f3n de realizar declaraci\u00f3n sobre la renta a todas las personas que tengan unos ingresos inferiores a los 16.000 euros. Una cosa es que paguen poco y otra que no tengan nada que contribuir. Tanto Rajoy como Zapatero han ideado un programa fiscal para cautivar al votante, olvid\u00e1ndose de las necesidades del Estado. Con la econom\u00eda perdiendo fuerza, la bajada de impuestos obligar\u00eda a acudir al recurso de la deuda para financiar infraestructuras y programas sociales.<br \/>\n      Rajoy s\u00f3lo le ha dedicado una frase a Asturias para mostrar su apoyo al tren de alta velocidad y a las cuencas mineras. Los l\u00edderes nacionales proponen para cada regi\u00f3n lo que les piden los dirigentes de cada territorio. Una vez m\u00e1s se puede comprobar el obtuso planteamiento territorial del PP asturiano, convencido de que la alternativa liberal-conservadora en nuestra regi\u00f3n pasa por disputar la hegemon\u00eda a la izquierda sobre el discurso de las inversiones en las cuencas. Ah\u00ed se dan la mano Rozada, Ovidio y Gabino. Asombra tanta ceguera. Los se\u00f1ores de la derecha deber\u00edan saber que el charnego Montilla, en la temporada que estuvo al frente del Ministerio de Industria sin saber nada de industria, ya firm\u00f3 para las cuencas 1.716 millones de euros en fondos mineros y acept\u00f3 las prejubilaciones a los cuarenta y picos a\u00f1os de edad, con 600.000 euros por barba. \u00bfDebe Rajoy prometer m\u00e1s dinero? \u00bfY luego critican las subvenciones? Seamos serios.<br \/>\n      Antes que Rajoy, habl\u00f3 Gabino de Lorenzo. Est\u00e1 claro que es el que manda en el PP asturiano. Al referirse a los socialistas desliz\u00f3 una frase premonitoria: \u201chabr\u00e1 otras elecciones y ah\u00ed les espero\u201d. Con la disculpa de ayudar a Rajoy a ser presidente, De Lorenzo ha tomado un atajo dentro de su partido, fidelizando al PP gijon\u00e9s, y dispuesto a retirar a Ovidio S\u00e1nchez de la primera l\u00ednea de mando. La clave de la operaci\u00f3n est\u00e1 en poner al atribulado PP gijon\u00e9s bajo su batuta, y para ello nada mejor que garantizarle cobertura frente a las veleidades de los \u201ccasquistas\u201d. De ah\u00ed la destemplada referencia a Tarz\u00e1n y la compra del piso en Alcobendas.                            <\/p>\n<!-- AddThis Advanced Settings generic via filter on the_content --><!-- AddThis Share Buttons generic via filter on the_content -->","protected":false},"excerpt":{"rendered":"<p>La campa\u00f1a de Rajoy da pie a los realineamientos en el PP asturiano La foto de Gabino de Lorenzo, con \u00c1lvaro Cuesta y Laura Gonz\u00e1lez, agarrando la silla vac\u00eda del poder dio inicio a la at\u00edpica campa\u00f1a electoral asturiana, un evento que en el resto de Espa\u00f1a se inicia el d\u00eda 22, pero que en [&hellip;]<!-- AddThis Advanced Settings generic via filter on get_the_excerpt --><!-- AddThis Share Buttons generic via filter on get_the_excerpt --><\/p>\n","protected":false},"author":2,"featured_media":0,"comment_status":"open","ping_status":"closed","sticky":false,"template":"","format":"standard","meta":[],"categories":[4],"tags":[],"_links":{"self":[{"href":"https:\/\/blogs.elcomercio.es\/largo_de_cafe\/wp-json\/wp\/v2\/posts\/229"}],"collection":[{"href":"https:\/\/blogs.elcomercio.es\/largo_de_cafe\/wp-json\/wp\/v2\/posts"}],"about":[{"href":"https:\/\/blogs.elcomercio.es\/largo_de_cafe\/wp-json\/wp\/v2\/types\/post"}],"author":[{"embeddable":true,"href":"https:\/\/blogs.elcomercio.es\/largo_de_cafe\/wp-json\/wp\/v2\/users\/2"}],"replies":[{"embeddable":true,"href":"https:\/\/blogs.elcomercio.es\/largo_de_cafe\/wp-json\/wp\/v2\/comments?post=229"}],"version-history":[{"count":0,"href":"https:\/\/blogs.elcomercio.es\/largo_de_cafe\/wp-json\/wp\/v2\/posts\/229\/revisions"}],"wp:attachment":[{"href":"https:\/\/blogs.elcomercio.es\/largo_de_cafe\/wp-json\/wp\/v2\/media?parent=229"}],"wp:term":[{"taxonomy":"category","embeddable":true,"href":"https:\/\/blogs.elcomercio.es\/largo_de_cafe\/wp-json\/wp\/v2\/categories?post=229"},{"taxonomy":"post_tag","embeddable":true,"href":"https:\/\/blogs.elcomercio.es\/largo_de_cafe\/wp-json\/wp\/v2\/tags?post=229"}],"curies":[{"name":"wp","href":"https:\/\/api.w.org\/{rel}","templated":true}]}}