{"id":230,"date":"2008-02-18T08:05:30","date_gmt":"2008-02-18T08:05:30","guid":{"rendered":"http:\/\/blogs.elcomercio.es\/largo_de_cafe\/?p=230"},"modified":"2008-02-18T08:05:30","modified_gmt":"2008-02-18T08:05:30","slug":"rajoy-esta-mal-asesorado","status":"publish","type":"post","link":"https:\/\/blogs.elcomercio.es\/largo_de_cafe\/2008\/02\/18\/rajoy-esta-mal-asesorado\/","title":{"rendered":"RAJOY EST\u00c1 MAL ASESORADO"},"content":{"rendered":"<p>   Los socialistas reaccionan ante las manifestaciones realizadas por Rajoy sobre Asturias, asegurando que \u201cle han informado mal o est\u00e1 impregnado de un exceso de hipocres\u00eda\u201d. La realidad es que el l\u00edder del PP hizo una referencia muy escueta a Asturias, limit\u00e1ndose a mostrar su apoyo al tren de alta velocidad y prometiendo inversiones para las cuencas mineras. De Lorenzo hab\u00eda mencionado el Transcant\u00e1brico, como uno de las reivindicaciones del PP asturiano, y Rajoy habl\u00f3 de traer la alta velocidad, en gen\u00e9rico, sin entrar a matizar si se refer\u00eda al trayecto del AVE entre Pola de Lena y Gij\u00f3n, que est\u00e1 por decidir y costar\u00e1 un ojo de la cara, o si alud\u00eda al Transcant\u00e1brico, o a los dos proyectos. En cualquier caso, creo que comprometerse con el desarrollo del AVE en Asturias resulta pertinente y es propio de cualquier l\u00edder que aspire a ser presidente de Gobierno. El otro asunto del que habl\u00f3 fue de realizar inversiones en las cuencas mineras \u201cen tiempo y forma\u201d. <\/p>\n<p>     Hay que tener un buen despiste para considerar que las carencias de Asturias, o los supuestos \u00f3 reales abandonos que sufre de manos del Gobierno central, se cifran en un d\u00e9ficit de inversi\u00f3n en las cuencas, que es el territorio de Asturias que recibe m\u00e1s dinero por habitante. Basta darse una vuelta por Mieres para comprender el dinero invertido en los \u00faltimos a\u00f1os. Con esa referencia a las cuencas se ve hasta qu\u00e9 punto est\u00e1 Rajoy mal asesorado por los principales dirigentes asturianos (Ovidio S\u00e1nchez, Fern\u00e1ndez Rozada y Gabino de Lorenzo) de su partido. En los \u00faltimos ocho a\u00f1os, en las cuencas mineras se realizaron ingentes inversiones de dinero para financiar proyectos de todo tipo, desde los m\u00e1s impresionantes equipamientos universitarios que tiene nuestra regi\u00f3n, hasta la dotaci\u00f3n de las prejubilaciones m\u00e1s envidiables que existen en la Uni\u00f3n Europea, pasando por los enlaces de la autov\u00eda minera. <\/p>\n<p>       Rajoy tiene un discurso nacional bien orientado, pero en Asturias est\u00e1 muy mal asesorado. De Lorenzo dice que los socialistas quieren que Asturias siga siendo subvencionada y pedig\u00fce\u00f1a, y todo el PP asturiano tiene su estrategia regional orientada hacia el pacto con los sindicatos mineros. As\u00ed se conjuga la doctrina liberal por esta tierra. <\/p>\n<!-- AddThis Advanced Settings generic via filter on the_content --><!-- AddThis Share Buttons generic via filter on the_content -->","protected":false},"excerpt":{"rendered":"<p>Los socialistas reaccionan ante las manifestaciones realizadas por Rajoy sobre Asturias, asegurando que \u201cle han informado mal o est\u00e1 impregnado de un exceso de hipocres\u00eda\u201d. La realidad es que el l\u00edder del PP hizo una referencia muy escueta a Asturias, limit\u00e1ndose a mostrar su apoyo al tren de alta velocidad y prometiendo inversiones para las [&hellip;]<!-- AddThis Advanced Settings generic via filter on get_the_excerpt --><!-- AddThis Share Buttons generic via filter on get_the_excerpt --><\/p>\n","protected":false},"author":2,"featured_media":0,"comment_status":"open","ping_status":"closed","sticky":false,"template":"","format":"standard","meta":[],"categories":[4],"tags":[],"_links":{"self":[{"href":"https:\/\/blogs.elcomercio.es\/largo_de_cafe\/wp-json\/wp\/v2\/posts\/230"}],"collection":[{"href":"https:\/\/blogs.elcomercio.es\/largo_de_cafe\/wp-json\/wp\/v2\/posts"}],"about":[{"href":"https:\/\/blogs.elcomercio.es\/largo_de_cafe\/wp-json\/wp\/v2\/types\/post"}],"author":[{"embeddable":true,"href":"https:\/\/blogs.elcomercio.es\/largo_de_cafe\/wp-json\/wp\/v2\/users\/2"}],"replies":[{"embeddable":true,"href":"https:\/\/blogs.elcomercio.es\/largo_de_cafe\/wp-json\/wp\/v2\/comments?post=230"}],"version-history":[{"count":0,"href":"https:\/\/blogs.elcomercio.es\/largo_de_cafe\/wp-json\/wp\/v2\/posts\/230\/revisions"}],"wp:attachment":[{"href":"https:\/\/blogs.elcomercio.es\/largo_de_cafe\/wp-json\/wp\/v2\/media?parent=230"}],"wp:term":[{"taxonomy":"category","embeddable":true,"href":"https:\/\/blogs.elcomercio.es\/largo_de_cafe\/wp-json\/wp\/v2\/categories?post=230"},{"taxonomy":"post_tag","embeddable":true,"href":"https:\/\/blogs.elcomercio.es\/largo_de_cafe\/wp-json\/wp\/v2\/tags?post=230"}],"curies":[{"name":"wp","href":"https:\/\/api.w.org\/{rel}","templated":true}]}}