{"id":234,"date":"2008-02-22T08:05:57","date_gmt":"2008-02-22T08:05:57","guid":{"rendered":"http:\/\/blogs.elcomercio.es\/largo_de_cafe\/?p=234"},"modified":"2008-02-22T08:05:57","modified_gmt":"2008-02-22T08:05:57","slug":"rechazo-del-centro","status":"publish","type":"post","link":"https:\/\/blogs.elcomercio.es\/largo_de_cafe\/2008\/02\/22\/rechazo-del-centro\/","title":{"rendered":"EL RECHAZO DEL CENTRO"},"content":{"rendered":"<p>Se inicia la campa\u00f1a electoral bajo el signo de la incertidumbre, porque las encuestas no decantan un favorito. Es tan probable que gane el PSOE como el PP. Nunca hab\u00eda pasado nada igual. En las dos primeras elecciones generales el triunfo de la UCD de Adolfo Su\u00e1rez era el resultado esperado, como lo fue la alternativa de Felipe Gonz\u00e1lez en 1982, ante la crisis interna del partido centrista. Muchos a\u00f1os m\u00e1s tarde, en 1996, el triunfo del PP estaba anunciado ante el agotamiento del ciclo socialista. En el a\u00f1o 2004, el favorito era el delf\u00edn de Aznar, pero ZP triunf\u00f3 contra pron\u00f3stico. Es esta la primera ocasi\u00f3n que no hay favorito en los sondeos, arrojando la sombra de la incertidumbre sobre la campa\u00f1a electoral. Por otros motivos estamos tambi\u00e9n ante una convocatoria con perfiles diferenciados.<br \/>\n     Hasta el presente, la disputa del voto se desarrollaba en los caladeros del centro pol\u00edtico, en el territorio lim\u00edtrofe entre la socialdemocracia y la derecha moderada. Sin embargo, ahora el centro electoral es un conjunto vac\u00edo, porque ni Zapatero ni Rajoy lanzan sus redes sobre \u00e9l. El slogan del PSOE es muy elocuente sobre este particular: \u201cvota con todas tus fuerzas\u201d. Traducido: la campa\u00f1a electoral socialista busca ganar votos entre los abstencionistas de la izquierda, no entre centristas indecisos que son existentes. El lema del PP tambi\u00e9n da pistas sobre ello: \u201ccon cabeza y coraz\u00f3n\u201d. La cabeza hay que usarla siempre, as\u00ed que lo revelante es esa apelaci\u00f3n al coraz\u00f3n, al voto sentimental, al recurso afectivo-ideol\u00f3gico.<br \/>\n      El PSOE mira a la izquierda, por ello Zapatero habl\u00f3 en su mitin gijon\u00e9s desde los presupuestos de una pol\u00edtica de clase, que trata de repartir la bonanza econ\u00f3mica entre pensionistas, j\u00f3venes, trabajadores, perceptores del salario m\u00ednimo, etc\u00e9tera. Y tambi\u00e9n por eso Rajoy habla de firmeza, un valor que siempre ha reivindicando la derecha. El di\u00e1logo y la moderaci\u00f3n son valores que no cotizan, por primera vez, en una campa\u00f1a electoral en Espa\u00f1a.<br \/>\n      No hay centro electoral, sociol\u00f3gicamente relevante, porque en la pasada legislatura se han roto los consensos, y a fuerza de descalificaciones mutuas se ha logrado polarizar las tendencias pol\u00edticas de los ciudadanos. Ante las urnas, el n\u00famero de indecisos entre Zapatero y Rajoy es muy peque\u00f1o. Esa forma de roturar el espacio electoral sobre bases ideol\u00f3gicas hace que las rebajas fiscales anunciadas por el PSOE y el PP hayan sido recibidas con m\u00e1s indiferencia de la esperada. Si se \u201cvota con todas tus fuerzas\u201d no ayuda mucho el regalo de los 400 euros por cabeza. Igualmente, si hay que votar \u201ccon el coraz\u00f3n\u201d de poco sirve alegrar la cartera elevando el m\u00ednimo exento del Impuesto sobre la Renta de las Personas F\u00edsicas a los 16.000 euros.<br \/>\n     Otra novedad de la campa\u00f1a es que la econom\u00eda, la asignatura reina de la pugna parlamentaria desde que se inici\u00f3 la democracia, se col\u00f3 en el debate a \u00faltima hora, con los indicadores cogidos por los pelos, sin el sosiego que requiere el tratamiento de las cosas serias. Una legislatura de bonanza hab\u00eda sacado la econom\u00eda del debate pol\u00edtico y la tormenta financiera americana de las hipotecas basura la rescat\u00f3 del desv\u00e1n de las cosas in\u00fatiles. Ayer, a \u00faltima hora de la noche, cuando la precampa\u00f1a se convert\u00eda en campa\u00f1a, forcejeaban Solbes y Pizarro sobre males y remedios econ\u00f3micos, dejando algunas \u201cperlas\u201d. Seg\u00fan el ex presidente de Endesa, el gasto p\u00fablico se reduce por cuatro v\u00edas: suprimir el Ministerio de la Vivienda, cerrar la Oficina Econ\u00f3mica de Presidencia, impedir el pago a terroristas (ANV) y bloquear las reformas interiores en el piso del ministro Bermejo. \u00bfQui\u00e9n dijo que las campa\u00f1as eran aburridas?         <\/p>\n<!-- AddThis Advanced Settings generic via filter on the_content --><!-- AddThis Share Buttons generic via filter on the_content -->","protected":false},"excerpt":{"rendered":"<p>Se inicia la campa\u00f1a electoral bajo el signo de la incertidumbre, porque las encuestas no decantan un favorito. Es tan probable que gane el PSOE como el PP. Nunca hab\u00eda pasado nada igual. En las dos primeras elecciones generales el triunfo de la UCD de Adolfo Su\u00e1rez era el resultado esperado, como lo fue la [&hellip;]<!-- AddThis Advanced Settings generic via filter on get_the_excerpt --><!-- AddThis Share Buttons generic via filter on get_the_excerpt --><\/p>\n","protected":false},"author":2,"featured_media":0,"comment_status":"open","ping_status":"closed","sticky":false,"template":"","format":"standard","meta":[],"categories":[4],"tags":[],"_links":{"self":[{"href":"https:\/\/blogs.elcomercio.es\/largo_de_cafe\/wp-json\/wp\/v2\/posts\/234"}],"collection":[{"href":"https:\/\/blogs.elcomercio.es\/largo_de_cafe\/wp-json\/wp\/v2\/posts"}],"about":[{"href":"https:\/\/blogs.elcomercio.es\/largo_de_cafe\/wp-json\/wp\/v2\/types\/post"}],"author":[{"embeddable":true,"href":"https:\/\/blogs.elcomercio.es\/largo_de_cafe\/wp-json\/wp\/v2\/users\/2"}],"replies":[{"embeddable":true,"href":"https:\/\/blogs.elcomercio.es\/largo_de_cafe\/wp-json\/wp\/v2\/comments?post=234"}],"version-history":[{"count":0,"href":"https:\/\/blogs.elcomercio.es\/largo_de_cafe\/wp-json\/wp\/v2\/posts\/234\/revisions"}],"wp:attachment":[{"href":"https:\/\/blogs.elcomercio.es\/largo_de_cafe\/wp-json\/wp\/v2\/media?parent=234"}],"wp:term":[{"taxonomy":"category","embeddable":true,"href":"https:\/\/blogs.elcomercio.es\/largo_de_cafe\/wp-json\/wp\/v2\/categories?post=234"},{"taxonomy":"post_tag","embeddable":true,"href":"https:\/\/blogs.elcomercio.es\/largo_de_cafe\/wp-json\/wp\/v2\/tags?post=234"}],"curies":[{"name":"wp","href":"https:\/\/api.w.org\/{rel}","templated":true}]}}