{"id":236,"date":"2008-02-24T10:15:14","date_gmt":"2008-02-24T10:15:14","guid":{"rendered":"http:\/\/blogs.elcomercio.es\/largo_de_cafe\/?p=236"},"modified":"2008-02-24T10:15:14","modified_gmt":"2008-02-24T10:15:14","slug":"iu-aliado-contradictorio","status":"publish","type":"post","link":"https:\/\/blogs.elcomercio.es\/largo_de_cafe\/2008\/02\/24\/iu-aliado-contradictorio\/","title":{"rendered":"IU, EL ALIADO CONTRADICTORIO"},"content":{"rendered":"<p>En cada legislatura aumenta el peso de los dos grandes partidos, PSOE y PP, que en el pasado mandato ya ten\u00edan 312 de los 350 esca\u00f1os del Congreso de los Diputados. El aumento del bipartidismo da\u00f1a a los grupos minoritarios, pero especialmente a los que pretendan tener una implantaci\u00f3n nacional y confrontar con los discursos del PSOE y del PP. Es el caso de IU. El argumento del voto \u00fatil no erosiona las expectativas del PNV \u00f3 CiU, porque estos grupos van al Parlamento en representaci\u00f3n de intereses territoriales concretos que no compiten m\u00e1s que indirectamente con los dos grupos mayoritarios. Cosa distinta es lo que ocurre en las elecciones auton\u00f3micas, donde todos se ci\u00f1en a la problem\u00e1tica de un territorio determinado. Con todo ello quiero decir que si IU sufre en las elecciones auton\u00f3micas y municipales la hipoteca de sus disputas internas y la ausencia de una renovaci\u00f3n radical, en las elecciones generales tiene que luchar contra un problema m\u00e1s arduo: la inutilidad de su voto.<br \/>\n     Cu\u00e1nto m\u00e1s enconada es la lucha entre el PSOE y el PP y m\u00e1s incierto es el resultado de los comicios, m\u00e1s dif\u00edcil se hace para IU abrirse un hueco entre el electorado. S\u00f3lo a partir de esta premisa se entiende la certeza que tienen los dirigentes de IU de que el PSOE va a ganar las elecciones generales. Saben el resultado y tienen necesidad de comunic\u00e1rselo a la sociedad. Si la gente que vota izquierda creyera probable la victoria de Rajoy, tender\u00eda a votar a Zapatero. Por muy de izquierdas que sea un determinado sector del electorado, puestos a escoger siempre funcionar\u00eda la teor\u00eda del mal menor.<br \/>\n     La victoria de Zapatero aporta tambi\u00e9n ventajas estrat\u00e9gicas a IU: es un aliado potencial, un presidente con el que se pueden llegar a acuerdos. Seg\u00fan Llamazares, Zapatero tendr\u00e1 que gobernar con IU o con la derecha nacionalista. Esta argumentaci\u00f3n podr\u00eda ser plausible siempre que IU sacara un n\u00famero de esca\u00f1os susceptible de dar una mayor\u00eda parlamentaria al candidato socialista, pero a\u00fan dando por bueno que IU obtenga un n\u00famero de esca\u00f1os suficiente, hay una objeci\u00f3n importante al planteamiento de Llamazares.<br \/>\n     En los \u00faltimos a\u00f1os, IU no es un partido que tenga dificultades para aliarse con la derecha nacionalista, como lo demuestra al participar en el Gobierno de Ibarretxe. Zapatero no tendr\u00eda que optar entre nacionalistas de derechas o una fuerza de izquierda como IU, porque los dirigentes de IU aceptan gobernar con nacionalistas de derechas. Es m\u00e1s, algunos planteamientos excluyentes y antidemocr\u00e1ticos del Gobierno vasco han sido mejor digeridos por IU, socio minoritario del Ejecutivo, que algunas decisiones administrativas de Areces por los consejeros de IU en la legislatura pasada.<br \/>\n     En Asturias, IU presenta una gran candidata, Laura Gonz\u00e1lez, a la que ya ha recurrido m\u00e1s veces, como cuando encabez\u00f3 brillantemente la candidatura auton\u00f3mica en el a\u00f1o 1991, sacando seis diputados. Laura es el rostro m\u00e1s unitario y menos sectario de IU. A Laura la avala su buen hacer en la Consejer\u00eda de Vivienda y Bienestar Social, porque es una persona que cree en la extensi\u00f3n de los derechos sociales y en la necesidad de dar vivienda a los desfavorecidos.<br \/>\n     En su contra, Laura tiene una contienda electoral marcada por el enfrentamiento entre Zapatero y Rajoy. Y la pol\u00edtica actual de su organizaci\u00f3n en Asturias dispuesta a hacer oposici\u00f3n hasta con el pacto social del Principado con los sindicatos y la patronal. El discurso de pedir el voto para una mayor\u00eda de izquierdas choca con la realidad cotidiana de la pol\u00edtica regional. Aunque a lo mejor la clave de todas estas contradicciones se encuentra en que Ibarretxe est\u00e1 a la izquierda de Areces.          <\/p>\n<!-- AddThis Advanced Settings generic via filter on the_content --><!-- AddThis Share Buttons generic via filter on the_content -->","protected":false},"excerpt":{"rendered":"<p>En cada legislatura aumenta el peso de los dos grandes partidos, PSOE y PP, que en el pasado mandato ya ten\u00edan 312 de los 350 esca\u00f1os del Congreso de los Diputados. El aumento del bipartidismo da\u00f1a a los grupos minoritarios, pero especialmente a los que pretendan tener una implantaci\u00f3n nacional y confrontar con los discursos [&hellip;]<!-- AddThis Advanced Settings generic via filter on get_the_excerpt --><!-- AddThis Share Buttons generic via filter on get_the_excerpt --><\/p>\n","protected":false},"author":2,"featured_media":0,"comment_status":"open","ping_status":"closed","sticky":false,"template":"","format":"standard","meta":[],"categories":[4],"tags":[],"_links":{"self":[{"href":"https:\/\/blogs.elcomercio.es\/largo_de_cafe\/wp-json\/wp\/v2\/posts\/236"}],"collection":[{"href":"https:\/\/blogs.elcomercio.es\/largo_de_cafe\/wp-json\/wp\/v2\/posts"}],"about":[{"href":"https:\/\/blogs.elcomercio.es\/largo_de_cafe\/wp-json\/wp\/v2\/types\/post"}],"author":[{"embeddable":true,"href":"https:\/\/blogs.elcomercio.es\/largo_de_cafe\/wp-json\/wp\/v2\/users\/2"}],"replies":[{"embeddable":true,"href":"https:\/\/blogs.elcomercio.es\/largo_de_cafe\/wp-json\/wp\/v2\/comments?post=236"}],"version-history":[{"count":0,"href":"https:\/\/blogs.elcomercio.es\/largo_de_cafe\/wp-json\/wp\/v2\/posts\/236\/revisions"}],"wp:attachment":[{"href":"https:\/\/blogs.elcomercio.es\/largo_de_cafe\/wp-json\/wp\/v2\/media?parent=236"}],"wp:term":[{"taxonomy":"category","embeddable":true,"href":"https:\/\/blogs.elcomercio.es\/largo_de_cafe\/wp-json\/wp\/v2\/categories?post=236"},{"taxonomy":"post_tag","embeddable":true,"href":"https:\/\/blogs.elcomercio.es\/largo_de_cafe\/wp-json\/wp\/v2\/tags?post=236"}],"curies":[{"name":"wp","href":"https:\/\/api.w.org\/{rel}","templated":true}]}}