{"id":24,"date":"2007-07-27T00:01:57","date_gmt":"2007-07-27T00:01:57","guid":{"rendered":"http:\/\/blogs.elcomercio.es\/largo_de_cafe\/?p=24"},"modified":"2007-07-27T00:01:57","modified_gmt":"2007-07-27T00:01:57","slug":"policia","status":"publish","type":"post","link":"https:\/\/blogs.elcomercio.es\/largo_de_cafe\/2007\/07\/27\/policia\/","title":{"rendered":"Un grupo marginal"},"content":{"rendered":"<p class=\"MsoNormal\"><big>  La Polic\u00eda francesa ha detenido a otros tres etarras, entre ellos un pez gordo, Juan Cruz Maiza Artola, responsable de la log\u00edstica en la organizaci\u00f3n terrorista. Desde que se rompi\u00f3 el alto el fuego ya han sido detenidos dieciocho pistoleros, lo que supone una media de tres a la semana, algo que no fue posible durante el largo proceso de paz. Cuando se rompi\u00f3 la tregua, los medios de comunicaci\u00f3n se llenaron de pron\u00f3sticos pesimistas, porque todo el mundo pensaba que habr\u00eda atentados mortales de forma inminente. La posibilidad de que ETA se hubiera rearmado en los quince meses de alto el fuego alimentaba el temor a una serie inmediata de atentados que conmocionar\u00eda la vida p\u00fablica espa\u00f1ola, y har\u00eda ver a todo el mundo el coste que ten\u00eda no haberse plegado en la negociaci\u00f3n a las demandas de los terroristas. Por fortuna, nada de esto ha pasado. A los cincuenta d\u00edas de clausurar la tregua lleg\u00f3 el primer atentado en forma de dos peque\u00f1as bombas en los Pirineos navarros. En ese lapso de tiempo fueron entregados a los jueces cerca de veinte terroristas, la mitad de ellos en trance de cometer inminentes atentados. Aunque cualquier d\u00eda puede ETA causar una gran desgracia, no debe impedirnos esa posibilidad cobrar perspectiva sobre lo que est\u00e1 ocurriendo. Desde mediados del a\u00f1o 2000, la banda ha acumulado fracaso tras fracaso. Cientos de terroristas est\u00e1n en las c\u00e1rceles y las dificultades para seguir con su din\u00e1mica de atentados son cada vez m\u00e1s evidentes. Carecen de cobertura social y no tienen un contexto internacional favorable para sus planes. Y lo m\u00e1s importante: la Polic\u00eda tiene mucha mejor informaci\u00f3n sobre la banda que en cualquier otro periodo anterior. Con estos datos en la mano resulta dif\u00edcil entender la obsesi\u00f3n del Gobierno de negociar con ETA cuando todas las semanas son detenidos miembros de la banda. En cuanto a la fuerza de Batasuna, las cosas son m\u00e1s elocuentes a\u00fan: bast\u00f3 que los telediarios dejaran de darle el estatus de \u201ctercer partido\u201d (siempre aparec\u00edan Otegi y sus compinches tras las ruedas de prensa de Blanco y Acebes. Ni Llamazares ni Rovira: Otegi) para que dejaran de tener influencia en el debate pol\u00edtico. Por extra\u00f1o que parezca, Batasuna fue durante los \u00faltimos tiempos un fen\u00f3meno esencialmente medi\u00e1tico. La eficacia policial tiene una ventaja a\u00f1adida sobre la estrategia de la negociaci\u00f3n: termina con el debate entre el PSOE y el PP sobre terrorismo. Todos apoyan las detenciones y nadie habla de Batasuna. Se acaba con la imagen virtual del grupo terrorista vasco, como una organizaci\u00f3n capaz de echarle un pulso al Estado. Y con su corolario: la necesidad de montar una negociaci\u00f3n internacional con los terroristas para lograr el hito hist\u00f3rico de la paz. La v\u00eda policial demuestra que el llamado \u201cproceso de paz\u201d es una operaci\u00f3n de promoci\u00f3n p\u00fablica para la banda y su proyecto pol\u00edtico. La actuaci\u00f3n de la Polic\u00eda pone en evidencia que el tiempo no pasa en balde, porque ETA ya no est\u00e1 en condiciones de poner en jaque al Estado. La famosa entrega de las armas, tantas veces puesta como objetivo por el Gobierno, no es la meta que debe guiar al Ejecutivo, porque lleva impl\u00edcita la concesi\u00f3n de contrapartidas. El an\u00e1lisis que deber\u00eda hacer Zapatero es que ETA lleva camino de convertirse en un grupo marginal. Si triunfan las tesis vizca\u00ednas en el PNV y la Polic\u00eda sigue acertando con ETA, el llamado problema vasco puede ser similar al de cualquier otra comunidad aut\u00f3noma con fuerte implantaci\u00f3n nacionalista.<\/big><small>  <\/small><\/p>\n<!-- AddThis Advanced Settings generic via filter on the_content --><!-- AddThis Share Buttons generic via filter on the_content -->","protected":false},"excerpt":{"rendered":"<p>La Polic\u00eda francesa ha detenido a otros tres etarras, entre ellos un pez gordo, Juan Cruz Maiza Artola, responsable de la log\u00edstica en la organizaci\u00f3n terrorista. Desde que se rompi\u00f3 el alto el fuego ya han sido detenidos dieciocho pistoleros, lo que supone una media de tres a la semana, algo que no fue posible [&hellip;]<!-- AddThis Advanced Settings generic via filter on get_the_excerpt --><!-- AddThis Share Buttons generic via filter on get_the_excerpt --><\/p>\n","protected":false},"author":2,"featured_media":0,"comment_status":"open","ping_status":"closed","sticky":false,"template":"","format":"standard","meta":[],"categories":[4],"tags":[],"_links":{"self":[{"href":"https:\/\/blogs.elcomercio.es\/largo_de_cafe\/wp-json\/wp\/v2\/posts\/24"}],"collection":[{"href":"https:\/\/blogs.elcomercio.es\/largo_de_cafe\/wp-json\/wp\/v2\/posts"}],"about":[{"href":"https:\/\/blogs.elcomercio.es\/largo_de_cafe\/wp-json\/wp\/v2\/types\/post"}],"author":[{"embeddable":true,"href":"https:\/\/blogs.elcomercio.es\/largo_de_cafe\/wp-json\/wp\/v2\/users\/2"}],"replies":[{"embeddable":true,"href":"https:\/\/blogs.elcomercio.es\/largo_de_cafe\/wp-json\/wp\/v2\/comments?post=24"}],"version-history":[{"count":0,"href":"https:\/\/blogs.elcomercio.es\/largo_de_cafe\/wp-json\/wp\/v2\/posts\/24\/revisions"}],"wp:attachment":[{"href":"https:\/\/blogs.elcomercio.es\/largo_de_cafe\/wp-json\/wp\/v2\/media?parent=24"}],"wp:term":[{"taxonomy":"category","embeddable":true,"href":"https:\/\/blogs.elcomercio.es\/largo_de_cafe\/wp-json\/wp\/v2\/categories?post=24"},{"taxonomy":"post_tag","embeddable":true,"href":"https:\/\/blogs.elcomercio.es\/largo_de_cafe\/wp-json\/wp\/v2\/tags?post=24"}],"curies":[{"name":"wp","href":"https:\/\/api.w.org\/{rel}","templated":true}]}}