{"id":272,"date":"2008-04-01T08:16:51","date_gmt":"2008-04-01T08:16:51","guid":{"rendered":"http:\/\/blogs.elcomercio.es\/largo_de_cafe\/?p=272"},"modified":"2008-04-01T08:16:51","modified_gmt":"2008-04-01T08:16:51","slug":"rajoy-mueve-pieza","status":"publish","type":"post","link":"https:\/\/blogs.elcomercio.es\/largo_de_cafe\/2008\/04\/01\/rajoy-mueve-pieza\/","title":{"rendered":"RAJOY MUEVE PIEZA"},"content":{"rendered":"<p>     Ante la Junta Directiva Nacional del PP, Mariano Rajoy hizo un an\u00e1lisis sobre la situaci\u00f3n de su partido al empezar la legislatura. El PP afronta el mandato en la oposici\u00f3n, lo que constituye en si mismo un fracaso, pero tiene m\u00e1s votos, m\u00e1s porcentaje de sufragios y m\u00e1s esca\u00f1os que en la pasada legislatura. Por votos y por diputados, el grupo parlamentario del PP constituye la oposici\u00f3n m\u00e1s fuerte que hubo en Espa\u00f1a en 31 a\u00f1os de democracia, como acertadamente se\u00f1al\u00f3 Rajoy. Sobre esa base se apoya el PP, pero sin olvidar que el PSOE tambi\u00e9n mejor\u00f3 sus posiciones con respecto a cuatro a\u00f1os atr\u00e1s.<\/p>\n<p>     Tras valorar los resultados electorales por circunscripciones, Mariano Rajoy lleg\u00f3 a una conclusi\u00f3n pol\u00edtica de crucial importancia: \u201cdebemos evitar que el PSOE vuelva a ser el refugio de los recelos que provoca el PP en algunos territorios\u201d. En efecto, el PP perdi\u00f3 las elecciones en Catalu\u00f1a, d\u00f3nde el PSOE le sac\u00f3 18 esca\u00f1os de diferencia. Si se except\u00faa Catalu\u00f1a, el PP habr\u00eda ganado las elecciones. La orientaci\u00f3n pol\u00edtica anticatalana del principal partido de la oposici\u00f3n le pas\u00f3 una factura muy elevada en las urnas. Lo mismo cabr\u00eda decir del Pa\u00eds Vasco, donde el PSOE triplic\u00f3 en diputados al PP, pero como en esa comunidad hay muchos menos esca\u00f1os en juego, no tiene tanta importancia en el c\u00f3mputo global. <\/p>\n<p>    Tras ese an\u00e1lisis, Rajoy anunci\u00f3 su disposici\u00f3n a llegar a pactos con el futuro gobierno socialista sobre pol\u00edtica antiterrorista, territorial, exterior y sobre protecci\u00f3n social. Al final de su intervenci\u00f3n lleg\u00f3 el momento de desvelar que Soraya S\u00e1enz de Santamar\u00eda ser\u00e1 la portavoz en el Congreso de los Diputados y que P\u00edo Garc\u00eda Escudero repetir\u00e1 de portavoz en el Senado. As\u00ed se debe hacer: primero se valora la coyuntura pol\u00edtica con sentido autocr\u00edtico y, luego, se deciden las personas que deben tener las principales responsabilidades en la nueva etapa. Cambiar a Zaplana por Soraya es desligarse de la herencia de Aznar, condici\u00f3n indispensable para no recibir un voto de castigo en algunas comunidades aut\u00f3nomas. Puede el sector m\u00e1s duro de la derecha pol\u00edtica y medi\u00e1tica criticar a Rajoy por la nueva orientaci\u00f3n, pero es lo que debe hacer el PP si quiere gobernar. Generando rechazo es dif\u00edcil de ganar.          <\/p>\n<!-- AddThis Advanced Settings generic via filter on the_content --><!-- AddThis Share Buttons generic via filter on the_content -->","protected":false},"excerpt":{"rendered":"<p>Ante la Junta Directiva Nacional del PP, Mariano Rajoy hizo un an\u00e1lisis sobre la situaci\u00f3n de su partido al empezar la legislatura. El PP afronta el mandato en la oposici\u00f3n, lo que constituye en si mismo un fracaso, pero tiene m\u00e1s votos, m\u00e1s porcentaje de sufragios y m\u00e1s esca\u00f1os que en la pasada legislatura. Por [&hellip;]<!-- AddThis Advanced Settings generic via filter on get_the_excerpt --><!-- AddThis Share Buttons generic via filter on get_the_excerpt --><\/p>\n","protected":false},"author":2,"featured_media":0,"comment_status":"open","ping_status":"closed","sticky":false,"template":"","format":"standard","meta":[],"categories":[4],"tags":[],"_links":{"self":[{"href":"https:\/\/blogs.elcomercio.es\/largo_de_cafe\/wp-json\/wp\/v2\/posts\/272"}],"collection":[{"href":"https:\/\/blogs.elcomercio.es\/largo_de_cafe\/wp-json\/wp\/v2\/posts"}],"about":[{"href":"https:\/\/blogs.elcomercio.es\/largo_de_cafe\/wp-json\/wp\/v2\/types\/post"}],"author":[{"embeddable":true,"href":"https:\/\/blogs.elcomercio.es\/largo_de_cafe\/wp-json\/wp\/v2\/users\/2"}],"replies":[{"embeddable":true,"href":"https:\/\/blogs.elcomercio.es\/largo_de_cafe\/wp-json\/wp\/v2\/comments?post=272"}],"version-history":[{"count":0,"href":"https:\/\/blogs.elcomercio.es\/largo_de_cafe\/wp-json\/wp\/v2\/posts\/272\/revisions"}],"wp:attachment":[{"href":"https:\/\/blogs.elcomercio.es\/largo_de_cafe\/wp-json\/wp\/v2\/media?parent=272"}],"wp:term":[{"taxonomy":"category","embeddable":true,"href":"https:\/\/blogs.elcomercio.es\/largo_de_cafe\/wp-json\/wp\/v2\/categories?post=272"},{"taxonomy":"post_tag","embeddable":true,"href":"https:\/\/blogs.elcomercio.es\/largo_de_cafe\/wp-json\/wp\/v2\/tags?post=272"}],"curies":[{"name":"wp","href":"https:\/\/api.w.org\/{rel}","templated":true}]}}