{"id":277,"date":"2008-04-06T10:30:51","date_gmt":"2008-04-06T10:30:51","guid":{"rendered":"http:\/\/blogs.elcomercio.es\/largo_de_cafe\/?p=277"},"modified":"2008-04-06T10:30:51","modified_gmt":"2008-04-06T10:30:51","slug":"la-escopeta-iu","status":"publish","type":"post","link":"https:\/\/blogs.elcomercio.es\/largo_de_cafe\/2008\/04\/06\/la-escopeta-iu\/","title":{"rendered":"La escopeta de IU"},"content":{"rendered":"<p><strong>El avance del PCE, tras el abandono de Llamazares, puede reactivar la estrategia nacionalista de la coalici\u00f3n de izquierdas en Asturias <\/strong><\/p>\n<p>Esta semana tendr\u00e1 lugar el debate de investidura de Zapatero con el que se inicia un nuevo ciclo de la pol\u00edtica nacional, un mes despu\u00e9s de haberse celebrado las elecciones generales. Un vivo contraste con lo que ocurre en Asturias, con la Junta General del Principado aparcada en v\u00eda muerta desde las Navidades. La clase pol\u00edtica asturiana ha decidido tomarse un impasse, tras el rechazo del proyecto presupuestario del Gobierno regional para el 2008, y la atenci\u00f3n est\u00e1 puesta en la pol\u00edtica nacional, como si hubiese quedado anulada la posibilidad de hacer pol\u00edtica desde las instituciones auton\u00f3micas. <\/p>\n<p>Con gran retraso, a mediados de este mes, arrancar\u00e1 el debate sobre la reforma del Estatuto de Autonom\u00eda. La sinton\u00eda entre el PSOE y el PP, en este asunto, no despeja los interrogantes que pesan sobre la actual legislatura auton\u00f3mica, porque aunque entre los dos grandes partidos sumen 41 diputados, hay muy pocas cuestiones en las que estar\u00e1n dispuestos a ponerse de acuerdo. La alianza entre PSOE y PP puede darse en la reforma del Estatuto o en la financiaci\u00f3n auton\u00f3mica, pero no cabe trasladarla a la gesti\u00f3n de los asuntos ordinarios, donde el PP tiene muy claro que es oposici\u00f3n y alternativa a los socialistas. Los interrogantes que pesan sobre la legislatura, entre los que est\u00e1 la posible convocatoria anticipada de elecciones, s\u00f3lo se despejar\u00e1n cu\u00e1ndo se sepa lo que va a hacer IU. <\/p>\n<p>El batacazo electoral de IU no era la hip\u00f3tesis m\u00e1s apetecida por el Gobierno socialista. Por extra\u00f1o que parezca, desde el seno del Gobierno regional se tem\u00eda la debacle de IU, porque la p\u00e9rdida de esca\u00f1os facilitaba el recurso de tirarse al monte. Una fuerza pol\u00edtica derrotada y con crisis interna puede optar por la estrategia m\u00e1s descabellada. Ahora, sucedido el desastre electoral, en c\u00edrculos socialistas se reactualiza la tesis con una imagen: \u00abIU es tan peligrosa como un mono con una escopeta cargada\u00bb. <\/p>\n<p>La Asamblea que va a celebrar IU, en junio, tendr\u00e1 mucha influencia en Asturias. En principio, el sector del PCE, con el aceptable resultado sacado en algunos territorios bajo su influencia, va a ir al ataque, y los oficialistas de IU, api\u00f1ados hasta ayer en torno a Gaspar Llamazares, no van a poder cerrarles el paso. El discurso postelectoral de Llamazares, tratando de convertir el desastre en las urnas en una consecuencia del injusto sistema electoral, no pasa de ser una disculpa, porque con el mismo sistema de adjudicar esca\u00f1os el PCE, en el a\u00f1o 1979, e IU, en la d\u00e9cada de los noventa del siglo pasado, superaron los veinte diputados. En la Asamblea de IU es probable que se llegue a una suerte de componenda o de recomposici\u00f3n de fuerzas, con el sector comunista en alza. <\/p>\n<p>El debate entre sectores en IU se ha desarrollado siempre utilizando al PSOE como elemento de contraste. En la pasada campa\u00f1a electoral, Llamazares reclamaba el derecho a ser ministro en el futuro Gobierno de Zapatero y tras el recuento de votos busca atajos para gozar de medio grupo parlamentario, con ERC como socio. Los dos diputados de IU no apoyar\u00e1n la investidura de Zapatero, pero se trata de una postura testimonial. Llamazares deja el liderazgo de IU y la estrategia de colaboraci\u00f3n con el PSOE llega a su fin. <\/p>\n<p>Si IU analizase su trayectoria de decrecimiento electoral, con amplitud de miras, comprender\u00eda que los apoyos al PSOE no son la \u00fanica ni la m\u00e1s importante causa de su menguada expresi\u00f3n parlamentaria. Es mucho m\u00e1s importante su incapacidad para renovar su discurso (por ejemplo, CC OO s\u00ed lo ha hecho) y la demag\u00f3gica forma de tejer alianzas, que le llev\u00f3 a apoyar a fuerzas nacionalistas, por puro oportunismo, aunque fuese de una forma tan desdichada como en el Ayuntamiento de Mondrag\u00f3n. Pero la \u00fanica referencia para IU es el PSOE, as\u00ed que si Llamazares cosech\u00f3 un fracaso electoral jugando la carta de socio preferente de Zapatero, ahora toca cambiar de estrategia.<\/p>\n<p><strong>La v\u00eda asturiana <\/strong><\/p>\n<p>Ese es el marco general previsible que va a influir en lo que haga IU en Asturias. El acercamiento de posturas con el Gobierno de Areces quedar\u00e1 congelado hasta la Asamblea de junio. Una vez que haya pasado el verano, la reforma del Estatuto de Autonom\u00eda puede convertirse en un nuevo e insuperable obst\u00e1culo para la convergencia entre las dos fuerzas de izquierda. La oficialidad de la llingua quiz\u00e1s sea el t\u00edpico argumento artificial para provocar una divisi\u00f3n real. No es f\u00e1cil que IU d\u00e9 el visto bueno a una reforma estatutaria sin ambici\u00f3n identitaria y es pr\u00e1cticamente imposible que el PSOE, tras el excelente resultado logrado el 9 de marzo, se apreste a consensuar un Estatuto escorado desde las primeras l\u00edneas del pre\u00e1mbulo a la b\u00fasqueda de un texto de m\u00e1ximos, siguiendo el formato del &#8216;Estatut&#8217;. <\/p>\n<p>De lo expuesto se deduce que las posibilidades de reeditar una alianza entre las dos fuerzas de izquierda en Asturias es ahora mucho menor que al empezar el mandato auton\u00f3mico. En Espa\u00f1a, IU va a distanciarse de Zapatero, y en Asturias ya hay distancia con el Principado, pero surgir\u00e1n argumentos m\u00e1s objetivos para la relaci\u00f3n hostil que los expuestos hasta la fecha (la falta de generosidad del PSOE para repartir consejer\u00edas). <\/p>\n<p>A\u00fan con todo, todav\u00eda quedan dudas sobre el rumbo que va a tomar IU en Asturias. La recuperaci\u00f3n de terreno perdido por parte del PCE, dentro de la estructura federal de IU, es probable que no tenga traslaci\u00f3n a nuestra regi\u00f3n. Dos razones invitan a pensar en esa direcci\u00f3n. La primera es obvia: el choque con el grupo de Francisco de As\u00eds y &#8216;Rivi&#8217; ha sido fort\u00edsimo, as\u00ed que no hay posible recomposici\u00f3n de relaciones. Pero hay m\u00e1s.<\/p>\n<p>En Asturias, IU tuvo un porcentaje de votos que dobl\u00f3 la media nacional, as\u00ed que hay margen para otras v\u00edas. En este punto del razonamiento es donde se cruza el debate de la reforma auton\u00f3mica, donde IU puede quedar fuera del acuerdo reivindicando un discurso de corte nacionalista o regionalista (que escoja cada lector la etiqueta). Quiero decir que las posiciones esbozadas por Valledor en anteriores legislaturas pueden convertirse en el nuevo dogma de IU de Asturias. Una IU asturiana, poscomunista, enraizada en tesis nacionalistas o regionalistas y ecologistas. Dicho de otra forma: un grupo opositor con la escopeta cargada.<\/p>\n<!-- AddThis Advanced Settings generic via filter on the_content --><!-- AddThis Share Buttons generic via filter on the_content -->","protected":false},"excerpt":{"rendered":"<p>El avance del PCE, tras el abandono de Llamazares, puede reactivar la estrategia nacionalista de la coalici\u00f3n de izquierdas en Asturias Esta semana tendr\u00e1 lugar el debate de investidura de Zapatero con el que se inicia un nuevo ciclo de la pol\u00edtica nacional, un mes despu\u00e9s de haberse celebrado las elecciones generales. Un vivo contraste [&hellip;]<!-- AddThis Advanced Settings generic via filter on get_the_excerpt --><!-- AddThis Share Buttons generic via filter on get_the_excerpt --><\/p>\n","protected":false},"author":2,"featured_media":0,"comment_status":"open","ping_status":"closed","sticky":false,"template":"","format":"standard","meta":[],"categories":[4],"tags":[],"_links":{"self":[{"href":"https:\/\/blogs.elcomercio.es\/largo_de_cafe\/wp-json\/wp\/v2\/posts\/277"}],"collection":[{"href":"https:\/\/blogs.elcomercio.es\/largo_de_cafe\/wp-json\/wp\/v2\/posts"}],"about":[{"href":"https:\/\/blogs.elcomercio.es\/largo_de_cafe\/wp-json\/wp\/v2\/types\/post"}],"author":[{"embeddable":true,"href":"https:\/\/blogs.elcomercio.es\/largo_de_cafe\/wp-json\/wp\/v2\/users\/2"}],"replies":[{"embeddable":true,"href":"https:\/\/blogs.elcomercio.es\/largo_de_cafe\/wp-json\/wp\/v2\/comments?post=277"}],"version-history":[{"count":0,"href":"https:\/\/blogs.elcomercio.es\/largo_de_cafe\/wp-json\/wp\/v2\/posts\/277\/revisions"}],"wp:attachment":[{"href":"https:\/\/blogs.elcomercio.es\/largo_de_cafe\/wp-json\/wp\/v2\/media?parent=277"}],"wp:term":[{"taxonomy":"category","embeddable":true,"href":"https:\/\/blogs.elcomercio.es\/largo_de_cafe\/wp-json\/wp\/v2\/categories?post=277"},{"taxonomy":"post_tag","embeddable":true,"href":"https:\/\/blogs.elcomercio.es\/largo_de_cafe\/wp-json\/wp\/v2\/tags?post=277"}],"curies":[{"name":"wp","href":"https:\/\/api.w.org\/{rel}","templated":true}]}}