{"id":278,"date":"2008-04-07T08:11:05","date_gmt":"2008-04-07T08:11:05","guid":{"rendered":"http:\/\/blogs.elcomercio.es\/largo_de_cafe\/?p=278"},"modified":"2008-04-07T08:11:05","modified_gmt":"2008-04-07T08:11:05","slug":"un-problema-arduo","status":"publish","type":"post","link":"https:\/\/blogs.elcomercio.es\/largo_de_cafe\/2008\/04\/07\/un-problema-arduo\/","title":{"rendered":"Un problema arduo"},"content":{"rendered":"<p>La responsable de financiaci\u00f3n auton\u00f3mica en el PSOE, Carmen Hermos\u00edn, lanza un mensaje de tranquilidad a los asturianos al afirmar que el nuevo modelo de financiaci\u00f3n tendr\u00e1 en cuenta el envejecimiento de la poblaci\u00f3n y su dispersi\u00f3n por el territorio. Igualmente, resta importancia a las cl\u00e1usulas de inversi\u00f3n estatal adoptadas por algunos estatutos de autonom\u00eda, como el catal\u00e1n y el andaluz, asegurando que no debilitar\u00e1n el sistema de financiaci\u00f3n territorial.<\/p>\n<p>Es de imaginar que las palabras de Hermos\u00edn estar\u00e1n en sinton\u00eda con las ideas de Pedro Solbes, porque aunque no est\u00e1 nombrado el nuevo Gobierno, todo indica que ser\u00e1 el responsable de pactar la financiaci\u00f3n con las comunidades aut\u00f3nomas. Hecha la precisi\u00f3n, entremos en materia. Es de prever que el envejecimiento sea una variable a contemplar en la financiaci\u00f3n de los territorios, porque el gasto sanitario se dispara a partir de cierta edad; como Asturias es la segunda regi\u00f3n en tener una media de edad m\u00e1s elevada (el 22,5% de los asturianos supera los 65 a\u00f1os) obtendr\u00e1 m\u00e1s recursos por esa v\u00eda para la atenci\u00f3n sanitaria. La dispersi\u00f3n de la poblaci\u00f3n no creo que nos afecte mucho, porque las alas de la regi\u00f3n se est\u00e1n despoblando y el 80% de la gente se concentra en los 3.000 kil\u00f3metros cuadrados del \u00e1rea central.<\/p>\n<p>En cualquier caso, no nos debemos enga\u00f1ar. Por m\u00e1s que se pondere el envejecimiento, la dispersi\u00f3n y las dificultades orogr\u00e1ficas del territorio, la variable que m\u00e1s va a pesar para reajustar la financiaci\u00f3n de los territorios es la poblaci\u00f3n. El cambio en esta materia es espectacular; la poblaci\u00f3n creci\u00f3 en m\u00e1s de cinco millones de personas desde 1999, tomado como base para calcular el modelo de financiaci\u00f3n que rige actualmente. Madrid o Catalu\u00f1a han crecido en un mill\u00f3n de personas en los \u00faltimos nueve a\u00f1os y nosotros perdimos algunos habitantes. En el gasto sanitario pesa mucho m\u00e1s el crecimiento de cartillas que el envejecimiento de los usuarios. No nos hagamos ilusiones.<\/p>\n<p>El otro asunto al que alude Hermos\u00edn es el de las inversiones del Estado recogidas en algunos estatutos. Lo primero que hay que decir es que es una aberraci\u00f3n intelectual, administrativa y jur\u00eddica que las normas para regir comunidades impongan obligaciones de inversi\u00f3n al Estado.<\/p>\n<p>Aceptado el disparate, cabe decir que la financiaci\u00f3n auton\u00f3mica es otra cosa, relacionada con la cobertura econ\u00f3mica de los servicios p\u00fablicos, y no tiene que ver con las inversiones del Gobierno central. Hasta ahora, Asturias, sin cl\u00e1usulas que sancionen privilegios, recibi\u00f3 un volumen de inversi\u00f3n per capita superior a Catalu\u00f1a. Cuando la crisis econ\u00f3mica avance y disminuya la recaudaci\u00f3n tributaria, las cosas pueden ser distintas. Nosotros carecemos de garant\u00edas y los catalanes tienen una ley org\u00e1nica obligando a invertir. De todas formas, en la vida real no hay ley que garantice inversiones cuando no hay dinero. El Plan de Desarrollo de L\u00f3pez Rod\u00f3, en 1973, qued\u00f3 en v\u00eda muerta al desatarse la crisis del petr\u00f3leo. Pese a las palabras de Hermos\u00edn, la batalla de la financiaci\u00f3n auton\u00f3mica ser\u00e1 dura.<\/p>\n<!-- AddThis Advanced Settings generic via filter on the_content --><!-- AddThis Share Buttons generic via filter on the_content -->","protected":false},"excerpt":{"rendered":"<p>La responsable de financiaci\u00f3n auton\u00f3mica en el PSOE, Carmen Hermos\u00edn, lanza un mensaje de tranquilidad a los asturianos al afirmar que el nuevo modelo de financiaci\u00f3n tendr\u00e1 en cuenta el envejecimiento de la poblaci\u00f3n y su dispersi\u00f3n por el territorio. Igualmente, resta importancia a las cl\u00e1usulas de inversi\u00f3n estatal adoptadas por algunos estatutos de autonom\u00eda, [&hellip;]<!-- AddThis Advanced Settings generic via filter on get_the_excerpt --><!-- AddThis Share Buttons generic via filter on get_the_excerpt --><\/p>\n","protected":false},"author":2,"featured_media":0,"comment_status":"open","ping_status":"closed","sticky":false,"template":"","format":"standard","meta":[],"categories":[4],"tags":[],"_links":{"self":[{"href":"https:\/\/blogs.elcomercio.es\/largo_de_cafe\/wp-json\/wp\/v2\/posts\/278"}],"collection":[{"href":"https:\/\/blogs.elcomercio.es\/largo_de_cafe\/wp-json\/wp\/v2\/posts"}],"about":[{"href":"https:\/\/blogs.elcomercio.es\/largo_de_cafe\/wp-json\/wp\/v2\/types\/post"}],"author":[{"embeddable":true,"href":"https:\/\/blogs.elcomercio.es\/largo_de_cafe\/wp-json\/wp\/v2\/users\/2"}],"replies":[{"embeddable":true,"href":"https:\/\/blogs.elcomercio.es\/largo_de_cafe\/wp-json\/wp\/v2\/comments?post=278"}],"version-history":[{"count":0,"href":"https:\/\/blogs.elcomercio.es\/largo_de_cafe\/wp-json\/wp\/v2\/posts\/278\/revisions"}],"wp:attachment":[{"href":"https:\/\/blogs.elcomercio.es\/largo_de_cafe\/wp-json\/wp\/v2\/media?parent=278"}],"wp:term":[{"taxonomy":"category","embeddable":true,"href":"https:\/\/blogs.elcomercio.es\/largo_de_cafe\/wp-json\/wp\/v2\/categories?post=278"},{"taxonomy":"post_tag","embeddable":true,"href":"https:\/\/blogs.elcomercio.es\/largo_de_cafe\/wp-json\/wp\/v2\/tags?post=278"}],"curies":[{"name":"wp","href":"https:\/\/api.w.org\/{rel}","templated":true}]}}