{"id":280,"date":"2008-04-09T08:14:37","date_gmt":"2008-04-09T08:14:37","guid":{"rendered":"http:\/\/blogs.elcomercio.es\/largo_de_cafe\/?p=280"},"modified":"2008-04-09T08:14:37","modified_gmt":"2008-04-09T08:14:37","slug":"un-debate-distinto","status":"publish","type":"post","link":"https:\/\/blogs.elcomercio.es\/largo_de_cafe\/2008\/04\/09\/un-debate-distinto\/","title":{"rendered":"UN DEBATE DISTINTO"},"content":{"rendered":"<p>El debate de investidura ha evidenciado una mejor\u00eda en la  relaci\u00f3n entre los grandes l\u00edderes nacionales, Zapatero y Rajoy, que encabezan dos grupos parlamentarios con m\u00e1s del 92% de los esca\u00f1os de la C\u00e1mara. La confianza entre ellos no se ha restablecido, pero el resultado de las urnas, d\u00e1ndole la victoria a Zapatero, ha rebajado la intensidad de la pugna. Zapatero acudi\u00f3 al debate con su cl\u00e1sico estilo de ver oportunidades donde hay problemas, y hasta la mala coyuntura econ\u00f3mica le ha servido para decir que no habr\u00e1 recortes en las pol\u00edticas sociales. Todos recordamos aquella confesi\u00f3n de Zapatero defini\u00e9ndose como un \u201coptimista antropol\u00f3gico\u201d; en el debate de investidura hizo honor a la misma, al referirse a la crisis econ\u00f3mica como \u201cun par\u00e9ntesis\u201d. Se acab\u00f3 la teor\u00eda de los ciclos econ\u00f3micos: crecimiento con peque\u00f1os altibajos. <\/p>\n<p>    Zapatero tiene la investidura al alcance de la mano, por eso prescinde de pactos y se conforma con ser investido en segunda votaci\u00f3n; en el debate, el papel m\u00e1s dif\u00edcil le correspond\u00eda a Mariano Rajoy. Prueba de ello es que en los d\u00edas previos a la sesi\u00f3n de investidura no se hablaba sobre la composici\u00f3n del futuro gobierno, y toda la atenci\u00f3n estaba puesta en Soraya S\u00e1enz de Santamar\u00eda y la posible pugna entre Rajoy y Esperanza Aguirre por el liderazgo del PP. Los cambios de los portavoces parlamentarios introducidos por Rajoy preludiaban un cambio de estrategia, algo que ve\u00eda el sector duro de este partido con temor, de ah\u00ed el cerrado aplauso al anunciar Rajoy que votar\u00eda en contra de la investidura del candidato. Con esos condicionantes, Rajoy tuvo una intervenci\u00f3n medida, con cr\u00edticas severas y certeras sobre la pol\u00edtica del agua, y mano tendida hacia los grandes pactos. A dos meses del congreso nacional del PP, probablemente se trataba de la intervenci\u00f3n m\u00e1s correcta. <\/p>\n<p>     Es dif\u00edcil saber el rumbo que tomar\u00e1 la legislatura. La crisis econ\u00f3mica y el di\u00e1logo con los nacionalistas marcar\u00e1n la relaci\u00f3n entre Zapatero y Rajoy. Sobre la situaci\u00f3n econ\u00f3mica ambos l\u00edderes dijeron cosas un tanto irreales, que el paso de las hojas del calendario se encargar\u00e1 de corregir. En cuanto a los nacionalistas, su protagonismo est\u00e1 relacionado con el desencuentro de los dos grandes l\u00edderes.      <\/p>\n<!-- AddThis Advanced Settings generic via filter on the_content --><!-- AddThis Share Buttons generic via filter on the_content -->","protected":false},"excerpt":{"rendered":"<p>El debate de investidura ha evidenciado una mejor\u00eda en la relaci\u00f3n entre los grandes l\u00edderes nacionales, Zapatero y Rajoy, que encabezan dos grupos parlamentarios con m\u00e1s del 92% de los esca\u00f1os de la C\u00e1mara. La confianza entre ellos no se ha restablecido, pero el resultado de las urnas, d\u00e1ndole la victoria a Zapatero, ha rebajado [&hellip;]<!-- AddThis Advanced Settings generic via filter on get_the_excerpt --><!-- AddThis Share Buttons generic via filter on get_the_excerpt --><\/p>\n","protected":false},"author":2,"featured_media":0,"comment_status":"open","ping_status":"closed","sticky":false,"template":"","format":"standard","meta":[],"categories":[4],"tags":[],"_links":{"self":[{"href":"https:\/\/blogs.elcomercio.es\/largo_de_cafe\/wp-json\/wp\/v2\/posts\/280"}],"collection":[{"href":"https:\/\/blogs.elcomercio.es\/largo_de_cafe\/wp-json\/wp\/v2\/posts"}],"about":[{"href":"https:\/\/blogs.elcomercio.es\/largo_de_cafe\/wp-json\/wp\/v2\/types\/post"}],"author":[{"embeddable":true,"href":"https:\/\/blogs.elcomercio.es\/largo_de_cafe\/wp-json\/wp\/v2\/users\/2"}],"replies":[{"embeddable":true,"href":"https:\/\/blogs.elcomercio.es\/largo_de_cafe\/wp-json\/wp\/v2\/comments?post=280"}],"version-history":[{"count":0,"href":"https:\/\/blogs.elcomercio.es\/largo_de_cafe\/wp-json\/wp\/v2\/posts\/280\/revisions"}],"wp:attachment":[{"href":"https:\/\/blogs.elcomercio.es\/largo_de_cafe\/wp-json\/wp\/v2\/media?parent=280"}],"wp:term":[{"taxonomy":"category","embeddable":true,"href":"https:\/\/blogs.elcomercio.es\/largo_de_cafe\/wp-json\/wp\/v2\/categories?post=280"},{"taxonomy":"post_tag","embeddable":true,"href":"https:\/\/blogs.elcomercio.es\/largo_de_cafe\/wp-json\/wp\/v2\/tags?post=280"}],"curies":[{"name":"wp","href":"https:\/\/api.w.org\/{rel}","templated":true}]}}