{"id":284,"date":"2008-04-13T19:08:31","date_gmt":"2008-04-13T19:08:31","guid":{"rendered":"http:\/\/blogs.elcomercio.es\/largo_de_cafe\/?p=284"},"modified":"2008-04-13T19:08:31","modified_gmt":"2008-04-13T19:08:31","slug":"un-ejecutivo-gestos","status":"publish","type":"post","link":"https:\/\/blogs.elcomercio.es\/largo_de_cafe\/2008\/04\/13\/un-ejecutivo-gestos\/","title":{"rendered":"Un Ejecutivo de gestos"},"content":{"rendered":"<p><strong>Rodr\u00edguez Zapatero pone el acento en la incorporaci\u00f3n de ministras dentro de un equipo con sorpresas y contradicciones<\/strong><strong><\/strong><\/p>\n<p>Hablemos  del Gobierno. Para analizarlo, gui\u00e9monos por la explicaci\u00f3n dada por el presidente Zapatero al configurar el nuevo Ejecutivo en torno a tres ejes: desaf\u00edo econ\u00f3mico, lucha contra el cambio clim\u00e1tico y pol\u00edtica de igualdad. A los dos primeros se ha referido de una forma muy somera, con un apunte sobre el nuevo patr\u00f3n de crecimiento y otro sobre la problem\u00e1tica del cambio clim\u00e1tico, para centrarse de una manera extensa en el sesgo que introducen las incorporaciones de mujeres al Gobierno: la m\u00e1s joven de la democracia (Bibiana A\u00eddo), la primera vez que hay una mujer al frente del Ministerio de Defensa (Carme Chac\u00f3n), el primer Gobierno de Espa\u00f1a que tiene m\u00e1s mujeres que hombres.<\/p>\n<p>Del \u00e9nfasis puesto por Zapatero se deduce que la composici\u00f3n del Gobierno est\u00e1 hecha m\u00e1s bajo la preocupaci\u00f3n de trazar un gesto que de mejorar la gesti\u00f3n. Una vez producida la incorporaci\u00f3n en masa de las mujeres al mundo laboral, la asignatura pendiente est\u00e1 en dar el salto a los puestos de alta responsabilidad en la empresa privada o en las universidades p\u00fablicas, pero en los gobiernos (nacionales y auton\u00f3micos) se ha producido ya un gran cambio.<\/p>\n<p>Siempre se puede nombrar a m\u00e1s ministros de un sexo, o buscar a personas m\u00e1s j\u00f3venes para hacerlas ministros, pero lo que verdaderamente hace falta es mejorar la gesti\u00f3n, colocando a personas que sepan de la responsabilidad concreta que asumen. Siguiendo la trayectoria de Carme Chac\u00f3n, por los art\u00edculos que publicaba desde los tiempos de joven dirigente catalana en la oposici\u00f3n a Jordi Pujol hasta hoy, resulta f\u00e1cil asociarla a la problem\u00e1tica de la educaci\u00f3n, de los asuntos sociales, de las pol\u00edticas de igualdad o de la vivienda, pero no hay un solo nexo con las Fuerzas Armadas. Las primeras palabras de la nueva ministra fueron para decir que daba la sensaci\u00f3n que las mujeres estaban excluidas, hasta ahora, de los puestos de responsabilidad en las Fuerzas Armadas. Su nombramiento acabar\u00eda con esa anomal\u00eda. Una reflexi\u00f3n que podr\u00eda extenderla a los ministerios de Econom\u00eda, del Interior o de Exteriores. Y as\u00ed llegamos al n\u00facleo de la cuesti\u00f3n: \u00bfQu\u00e9 son hoy d\u00eda los gobiernos?<\/p>\n<p>En treinta a\u00f1os de democracia se ha producido una doble mutaci\u00f3n: varios ministerios se fueron vaciando de competencias (Educaci\u00f3n, Justicia, Sanidad, etc\u00e9tera) y la Presidencia del Gobierno ha ido creciendo en espesor pol\u00edtico, burocr\u00e1tico y presupuestario. En el complejo de la Moncloa hay todo un extenso equipo de asesores trabajando en paralelo al Gobierno, de tal forma que entre la Presidencia, las dos vicepresidencias y los ministerios de Exteriores y del Interior, se concentran todo el poder y las decisiones. En los consejos de Ministros, como denunciaba Jorge Sempr\u00fan hace veinte a\u00f1os en &#8216;Federico S\u00e1nchez se despide de ustedes&#8217;, no se discute de pol\u00edtica, las decisiones ya vienen encauzadas. <\/p>\n<p>Partiendo de esa base, se puede entender que los titulares del resto de carteras se busquen en funci\u00f3n de trasmitir determinados mensajes. Una mujer catalanista, como Carme Chac\u00f3n, al frente de Defensa, puede ser un ejemplo perfecto de eso que Zapatero repite tanto ahora: \u00abMi idea de Espa\u00f1a\u00bb. Captado el mensaje, vayamos con sorpresas, cambios y contradicciones.<\/p>\n<p><strong>Altas y bajas<\/strong><\/p>\n<p>Dentro de un Gobierno de claro signo continuista -de diecisiete ministros, doce ya estaban en el anterior Gobierno- llama la atenci\u00f3n la salida de Jes\u00fas Caldera, un dirigente cercano a Zapatero desde la \u00e9poca en que ambos se sentaban en los esca\u00f1os de la oposici\u00f3n a Aznar. Descabalgar a Caldera del Gobierno es castigar al ministro de Trabajo que ejerci\u00f3 en la \u00e9poca de m\u00e1s creaci\u00f3n de empleo en Espa\u00f1a. La despedida es tan forzada que Zapatero se vio obligado a darle un cometido extragubernamental, coloc\u00e1ndole al frente de una hipot\u00e9tica fundaci\u00f3n para generar ideas socialdem\u00f3cratas. Vano intento, porque hace ya mucho tiempo que las ideas no brotan de los partidos, sino de la sociedad. Los partidos se conforman con el poder. <\/p>\n<p>La otra sorpresa es la permanencia de Magdalena \u00c1lvarez. Los desastres en la gesti\u00f3n de la llegada del AVE a Barcelona y los desplantes en los debates parlamentarios no han servido para apartarla del Ejecutivo. La presi\u00f3n de las fuerzas pol\u00edticas catalanas no pudo con Magdalena \u00c1lvarez, que tuvo en Manuel Chaves el contrafuerte s\u00f3lido para evitar el derribo. Aunque de una forma menos expl\u00edcita, el nuevo Gobierno de Zapatero tambi\u00e9n tiene una lectura auton\u00f3mica, y Magdalena \u00c1lvarez sigue siendo ministra de cuota andaluza.<\/p>\n<p>Tal como hiciera el presidente Areces el pasado a\u00f1o, Zapatero ha procedido a fusionar en un mismo departamento la agricultura y el medio ambiente. En Asturias se justific\u00f3 la medida por las nuevas pol\u00edticas europeas hacia el campo, que hacen del agricultor un agente de conservaci\u00f3n de la naturaleza. Zapatero aludi\u00f3 al cambio clim\u00e1tico. Creo que este problema est\u00e1 m\u00e1s en relaci\u00f3n con pol\u00edticas en medio urbano que en medio rural, pero en cualquier caso lo que cabe desear a la nueva ministra de Agricultura y Medio Ambiente es que la uni\u00f3n de altos cargos no sea tan conflictiva como en Asturias. <\/p>\n<p>De contradictoria hay que calificar la creaci\u00f3n de un Ministerio de Educaci\u00f3n y Servicios Sociales. No se entiende que la principal iniciativa parlamentaria en el anterior mandato haya sido la Ley de Dependencia y una vez que se ponen los cimientos del cuarto pilar del Estado del Bienestar, se ligue su gesti\u00f3n con la Educaci\u00f3n. No tienen nada que ver. La problem\u00e1tica de las personas dependientes (gran parte en la tercera edad) es ajena a la Educaci\u00f3n. Puesto a adosarla a otro departamento, tendr\u00eda alg\u00fan sentido junto a Sanidad. Desde un punto de vista pol\u00edtico, es absurdo hacer emerger una gran problem\u00e1tica, que conlleva un gran gasto p\u00fablico, para hacerla pasar a un segundo plano cuando toca gestionar. <\/p>\n<p>\u00daltima contradicci\u00f3n: Miguel Sebasti\u00e1n. Convencer a Pedro Solbes para que aplace la jubilaci\u00f3n y, a rengl\u00f3n seguido, comunicar que se publicar\u00e1n las balanzas fiscales y que el ministro de Industria se llamar\u00e1 Miguel Sebasti\u00e1n, es algo que s\u00f3lo se le ocurre a Zapatero. \u00bfUn Gobierno d\u00e9bil? \u00bfUn Gobierno desnortado? No lo creo, el titular de Interior es un tal Alfredo P\u00e9rez Rubalcaba.<\/p>\n<p> <\/strong><\/p>\n<!-- AddThis Advanced Settings generic via filter on the_content --><!-- AddThis Share Buttons generic via filter on the_content -->","protected":false},"excerpt":{"rendered":"<p>Rodr\u00edguez Zapatero pone el acento en la incorporaci\u00f3n de ministras dentro de un equipo con sorpresas y contradicciones Hablemos del Gobierno. Para analizarlo, gui\u00e9monos por la explicaci\u00f3n dada por el presidente Zapatero al configurar el nuevo Ejecutivo en torno a tres ejes: desaf\u00edo econ\u00f3mico, lucha contra el cambio clim\u00e1tico y pol\u00edtica de igualdad. A los [&hellip;]<!-- AddThis Advanced Settings generic via filter on get_the_excerpt --><!-- AddThis Share Buttons generic via filter on get_the_excerpt --><\/p>\n","protected":false},"author":2,"featured_media":0,"comment_status":"open","ping_status":"closed","sticky":false,"template":"","format":"standard","meta":[],"categories":[4],"tags":[],"_links":{"self":[{"href":"https:\/\/blogs.elcomercio.es\/largo_de_cafe\/wp-json\/wp\/v2\/posts\/284"}],"collection":[{"href":"https:\/\/blogs.elcomercio.es\/largo_de_cafe\/wp-json\/wp\/v2\/posts"}],"about":[{"href":"https:\/\/blogs.elcomercio.es\/largo_de_cafe\/wp-json\/wp\/v2\/types\/post"}],"author":[{"embeddable":true,"href":"https:\/\/blogs.elcomercio.es\/largo_de_cafe\/wp-json\/wp\/v2\/users\/2"}],"replies":[{"embeddable":true,"href":"https:\/\/blogs.elcomercio.es\/largo_de_cafe\/wp-json\/wp\/v2\/comments?post=284"}],"version-history":[{"count":0,"href":"https:\/\/blogs.elcomercio.es\/largo_de_cafe\/wp-json\/wp\/v2\/posts\/284\/revisions"}],"wp:attachment":[{"href":"https:\/\/blogs.elcomercio.es\/largo_de_cafe\/wp-json\/wp\/v2\/media?parent=284"}],"wp:term":[{"taxonomy":"category","embeddable":true,"href":"https:\/\/blogs.elcomercio.es\/largo_de_cafe\/wp-json\/wp\/v2\/categories?post=284"},{"taxonomy":"post_tag","embeddable":true,"href":"https:\/\/blogs.elcomercio.es\/largo_de_cafe\/wp-json\/wp\/v2\/tags?post=284"}],"curies":[{"name":"wp","href":"https:\/\/api.w.org\/{rel}","templated":true}]}}