{"id":287,"date":"2008-04-16T08:08:59","date_gmt":"2008-04-16T08:08:59","guid":{"rendered":"http:\/\/blogs.elcomercio.es\/largo_de_cafe\/?p=287"},"modified":"2008-04-16T08:08:59","modified_gmt":"2008-04-16T08:08:59","slug":"estatuto-sin-disparates","status":"publish","type":"post","link":"https:\/\/blogs.elcomercio.es\/largo_de_cafe\/2008\/04\/16\/estatuto-sin-disparates\/","title":{"rendered":"ESTATUTO SIN DISPARATES"},"content":{"rendered":"<p>    El alcalde socialista, Alfredo Garc\u00eda, sigue la v\u00eda abierta por Gabino de Lorenzo y pide que la reforma estatutaria asturiana contenga una alusi\u00f3n a Cangas de On\u00eds, reconoci\u00e9ndole el rango de \u201ccapital pol\u00edtica\u201d, por haber sido durante cincuenta a\u00f1os el lugar de la corte de la monarqu\u00eda asturiana. Alfredo Garc\u00eda no plantea el traslado a Cangas de On\u00eds de ninguna sede institucional del Principado sino que pide un tratamiento como el que tiene \u201cGuernica en el Pa\u00eds Vasco\u201d. La propuesta es un disparate conceptual, ya que Guernica no tiene ning\u00fan rango de capitalidad pol\u00edtica, sino que es el refugio del sentimiento nacionalista, y en torno al viejo roble se re\u00fanen los parlamentarios al empezar el mandato, en recuerdo del juramento que hac\u00eda el Rey de Espa\u00f1a, como Se\u00f1or de Vizcaya, de respetar el fuero de los vascos. <\/p>\n<p>     La reforma del Estatuto de Autonom\u00eda puede originar diversos tipos de debates, como pueden ser el tratamiento de la llingua, la definici\u00f3n de la comunidad aut\u00f3noma, los mecanismos de financiaci\u00f3n auton\u00f3mica, la transferencia de competencias, etc\u00e9tera. Lo que no puede hacer la reforma del Estatuto es cruzar la frontera del rid\u00edculo. Si un alcalde, o dos, o tres, quieren hacer declaraciones surrealistas, ellos ver\u00e1n, porque lo m\u00e1s que puede pasar es que pierdan su cr\u00e9dito. Pero la Junta General del Principado, en representaci\u00f3n de todos los asturianos, no puede incluir barbaridades de ese calibre. En el Estatuto debe figurar que Oviedo es la capital de Asturias, sin a\u00f1adir nada m\u00e1s, porque no se deben dar ayudas econ\u00f3micas a una ciudad que ya de por s\u00ed tiene el beneficio de gozar de la capitalidad, lo que supone m\u00e1s empleo, m\u00e1s turistas y, en consecuencia, m\u00e1s ingresos. Otras alusiones, sobran.  <\/p>\n<p>      De Lorenzo levant\u00f3 la bandera de la capitalidad, reivindicando ayudas econ\u00f3micas, para resucitar pol\u00edticamente tras el varapalo llevado en las elecciones generales. Un truco de Gabino en el que no deber\u00edan caer ni los partidos pol\u00edticos ni los alcaldes. La direcci\u00f3n del Partido Socialista ha rechazado la petici\u00f3n de los alcaldes de Oviedo y Cangas de On\u00eds, y ahora lo que hace falta es que el PP, como partido que aspira a constituirse en alternativa de gobierno, hable claro y despeje los malos entendidos.    <\/p>\n<!-- AddThis Advanced Settings generic via filter on the_content --><!-- AddThis Share Buttons generic via filter on the_content -->","protected":false},"excerpt":{"rendered":"<p>El alcalde socialista, Alfredo Garc\u00eda, sigue la v\u00eda abierta por Gabino de Lorenzo y pide que la reforma estatutaria asturiana contenga una alusi\u00f3n a Cangas de On\u00eds, reconoci\u00e9ndole el rango de \u201ccapital pol\u00edtica\u201d, por haber sido durante cincuenta a\u00f1os el lugar de la corte de la monarqu\u00eda asturiana. Alfredo Garc\u00eda no plantea el traslado a [&hellip;]<!-- AddThis Advanced Settings generic via filter on get_the_excerpt --><!-- AddThis Share Buttons generic via filter on get_the_excerpt --><\/p>\n","protected":false},"author":2,"featured_media":0,"comment_status":"open","ping_status":"closed","sticky":false,"template":"","format":"standard","meta":[],"categories":[4],"tags":[],"_links":{"self":[{"href":"https:\/\/blogs.elcomercio.es\/largo_de_cafe\/wp-json\/wp\/v2\/posts\/287"}],"collection":[{"href":"https:\/\/blogs.elcomercio.es\/largo_de_cafe\/wp-json\/wp\/v2\/posts"}],"about":[{"href":"https:\/\/blogs.elcomercio.es\/largo_de_cafe\/wp-json\/wp\/v2\/types\/post"}],"author":[{"embeddable":true,"href":"https:\/\/blogs.elcomercio.es\/largo_de_cafe\/wp-json\/wp\/v2\/users\/2"}],"replies":[{"embeddable":true,"href":"https:\/\/blogs.elcomercio.es\/largo_de_cafe\/wp-json\/wp\/v2\/comments?post=287"}],"version-history":[{"count":0,"href":"https:\/\/blogs.elcomercio.es\/largo_de_cafe\/wp-json\/wp\/v2\/posts\/287\/revisions"}],"wp:attachment":[{"href":"https:\/\/blogs.elcomercio.es\/largo_de_cafe\/wp-json\/wp\/v2\/media?parent=287"}],"wp:term":[{"taxonomy":"category","embeddable":true,"href":"https:\/\/blogs.elcomercio.es\/largo_de_cafe\/wp-json\/wp\/v2\/categories?post=287"},{"taxonomy":"post_tag","embeddable":true,"href":"https:\/\/blogs.elcomercio.es\/largo_de_cafe\/wp-json\/wp\/v2\/tags?post=287"}],"curies":[{"name":"wp","href":"https:\/\/api.w.org\/{rel}","templated":true}]}}