{"id":2872,"date":"2015-04-02T16:12:40","date_gmt":"2015-04-02T14:12:40","guid":{"rendered":"http:\/\/blogs.elcomercio.es\/largo_de_cafe\/?p=2872"},"modified":"2015-04-02T16:12:40","modified_gmt":"2015-04-02T14:12:40","slug":"primeros-datos-de-2015","status":"publish","type":"post","link":"https:\/\/blogs.elcomercio.es\/largo_de_cafe\/2015\/04\/02\/primeros-datos-de-2015\/","title":{"rendered":"PRIMEROS DATOS DE 2015"},"content":{"rendered":"<p>El Ministerio de Hacienda muestra los primeros datos econ\u00f3micos de las comunidades aut\u00f3nomas correspondientes a 2015. En los meses de enero y febrero aument\u00f3 la recaudaci\u00f3n fiscal en todas las regiones; en algunos casos, como Arag\u00f3n o la Comunidad Aut\u00f3noma de Valencia, por encima del 10% sobre los mismos meses de 2014. \u00bfC\u00f3mo va la cosa por Asturias? Caminamos en el orden previsto, instalados en el furg\u00f3n de cola con Madrid, Galicia, Pa\u00eds Vasco y Canarias. Nuestra regi\u00f3n ingres\u00f3 424 millones de euros, diez m\u00e1s que el pasado a\u00f1o. En el Impuesto sobre la Renta de las Personas F\u00edsicas (IRPF), el incremento apenas fue del 2%. Distinto curso sigui\u00f3 la recaudaci\u00f3n en el Impuesto de Valor A\u00f1adido (IVA), que creci\u00f3 en el 25%, mientras que en los Impuestos Especiales (hidrocarburos, tabaco y alcohol) el aument\u00f3 roz\u00f3 el 30%. Hay que advertir que en el IVA no estamos hablando de magnitudes homog\u00e9neas, porque el calendario de devoluciones var\u00edas con los a\u00f1os. En cualquier caso se constata un crecimiento de los tributos relacionadas con el consumo, pero no los que tienen que ver con la riqueza de los contribuyentes. El a\u00f1o acaba de empezar, pero ya pedaleamos al fondo del pelot\u00f3n auton\u00f3mico. <\/p>\n<p>Los ingresos fiscales es el dato por excelencia para hacer el plan de trabajo de una Administraci\u00f3n territorial. Lo que no sea financiado por la recaudaci\u00f3n fiscal deber\u00e1 ser costeado por la v\u00eda del recurso al cr\u00e9dito. Hasta ahora ya sabemos c\u00f3mo se las ingeni\u00f3 el Gobierno socialista para financiar los gastos del Principado: cada d\u00eda aument\u00f3 en un mill\u00f3n de euros la deuda. Si los ingresos fiscales crecen mucho, el endeudamiento disminuye sin necesidad de recortar los gastos. Los indicadores de los dos primeros meses del a\u00f1o se\u00f1alan que el crecimiento es muy tenue (10 millones en dos meses), as\u00ed que el presidente del Gobierno deber\u00e1 decidir si ajusta los gastos o deja que la monta\u00f1a de la deuda regional engorde a ojos vista, a un ritmo cercano a los 400 millones anuales. En el trienio de Javier Fern\u00e1ndez aument\u00f3 en un 40%, hasta escalar a los 3.479 millones. <\/p>\n<p>Entre enero y febrero el Principado obtuvo un super\u00e1vit de 8 millones. Todos los a\u00f1os empieza muy bien el control del d\u00e9ficit p\u00fablico, luego se complica, aunque al final no supera el techo fijado por Crist\u00f3bal Montoro. Todos los a\u00f1os, menos 2014, en que Asturias se sum\u00f3 a las regiones incumplidoras. A ning\u00fan gobernante le importa el d\u00e9ficit en v\u00edsperas electorales. <\/p>\n<!-- AddThis Advanced Settings generic via filter on the_content --><!-- AddThis Share Buttons generic via filter on the_content -->","protected":false},"excerpt":{"rendered":"<p>El Ministerio de Hacienda muestra los primeros datos econ\u00f3micos de las comunidades aut\u00f3nomas correspondientes a 2015. En los meses de enero y febrero aument\u00f3 la recaudaci\u00f3n fiscal en todas las regiones; en algunos casos, como Arag\u00f3n o la Comunidad Aut\u00f3noma de Valencia, por encima del 10% sobre los mismos meses de 2014. \u00bfC\u00f3mo va la [&hellip;]<!-- AddThis Advanced Settings generic via filter on get_the_excerpt --><!-- AddThis Share Buttons generic via filter on get_the_excerpt --><\/p>\n","protected":false},"author":2,"featured_media":0,"comment_status":"open","ping_status":"open","sticky":false,"template":"","format":"standard","meta":[],"categories":[4],"tags":[],"_links":{"self":[{"href":"https:\/\/blogs.elcomercio.es\/largo_de_cafe\/wp-json\/wp\/v2\/posts\/2872"}],"collection":[{"href":"https:\/\/blogs.elcomercio.es\/largo_de_cafe\/wp-json\/wp\/v2\/posts"}],"about":[{"href":"https:\/\/blogs.elcomercio.es\/largo_de_cafe\/wp-json\/wp\/v2\/types\/post"}],"author":[{"embeddable":true,"href":"https:\/\/blogs.elcomercio.es\/largo_de_cafe\/wp-json\/wp\/v2\/users\/2"}],"replies":[{"embeddable":true,"href":"https:\/\/blogs.elcomercio.es\/largo_de_cafe\/wp-json\/wp\/v2\/comments?post=2872"}],"version-history":[{"count":0,"href":"https:\/\/blogs.elcomercio.es\/largo_de_cafe\/wp-json\/wp\/v2\/posts\/2872\/revisions"}],"wp:attachment":[{"href":"https:\/\/blogs.elcomercio.es\/largo_de_cafe\/wp-json\/wp\/v2\/media?parent=2872"}],"wp:term":[{"taxonomy":"category","embeddable":true,"href":"https:\/\/blogs.elcomercio.es\/largo_de_cafe\/wp-json\/wp\/v2\/categories?post=2872"},{"taxonomy":"post_tag","embeddable":true,"href":"https:\/\/blogs.elcomercio.es\/largo_de_cafe\/wp-json\/wp\/v2\/tags?post=2872"}],"curies":[{"name":"wp","href":"https:\/\/api.w.org\/{rel}","templated":true}]}}