{"id":2897,"date":"2015-04-24T18:40:27","date_gmt":"2015-04-24T16:40:27","guid":{"rendered":"http:\/\/blogs.elcomercio.es\/largo_de_cafe\/?p=2897"},"modified":"2015-04-24T18:40:27","modified_gmt":"2015-04-24T16:40:27","slug":"compromisos-electorales","status":"publish","type":"post","link":"https:\/\/blogs.elcomercio.es\/largo_de_cafe\/2015\/04\/24\/compromisos-electorales\/","title":{"rendered":"COMPROMISOS ELECTORALES"},"content":{"rendered":"<p>El Impuesto de Sucesiones y Donaciones centra el debate entre los partidos del centro-derecha y el PSOE. Foro y PP proponen eliminar el impuesto por considerarlo discriminatorio para los asturianos en relaci\u00f3n con tantos espa\u00f1oles de otras comunidades aut\u00f3nomas. El PSOE mantiene su vigencia pero introduce modificaciones que rebajan la cantidad a pagar en determinados supuestos. Hasta ahora hab\u00eda algunos aspectos entre absurdos e irritantes, como que todo aquel el que recibiese un euro por encima del m\u00ednimo exento se le aplicaba la tarifa sobre toda la cantidad heredada. Verbigracia: si recib\u00eda de los progenitores 150.000 euros, pagaba cero, pero si recib\u00eda 150.001 euros, le tocaba pagar miles de euros. A partir de ahora, en este supuesto, el gravamen s\u00f3lo se aplicar\u00e1 sobre un euro que es la cantidad que sobrepasa el m\u00ednimo exento (150.000). Ahora bien, los elementos fundamentales del tributo, como es el gravamen y el m\u00ednimo exento, se mantienen inamovibles. No niego que producir\u00e1n alg\u00fan alivio las modificaciones anunciadas, pero si se quiere atenuar la discriminaci\u00f3n que sufren los asturianos en relaci\u00f3n a los habitantes de aut\u00f3nomas cercanas, habr\u00eda que elevar sensiblemente el m\u00ednimo exento, poni\u00e9ndolo, por ejemplo, en el medio mill\u00f3n de euros.  <\/p>\n<p>Javier Fern\u00e1ndez dice que la modificaci\u00f3n del Impuesto de Sucesiones no es electoralista. Tiene raz\u00f3n. No hay ning\u00fan sitio mejor que los programas electorales para anunciar iniciativas para el pr\u00f3ximo mandato. La etiqueta de electoralismo es un arma arrojadiza con la que quieren anular los que no tienen ideas a aquellos que se atreven a manifestarlas. Hay que recelar de los candidatos que no proponen mejoras concretas, que reducen las propuestas electorales  a generalidades sin compromisos espec\u00edficos. De lo que adolece el programa socialista es precisamente de compromisos tangibles, al menos eso es lo que se pudo deducir de la conferencia pol\u00edtica del PSOE dedicada a la cuesti\u00f3n del programa. En las semanas previas a las elecciones se debe hablar, tambi\u00e9n, de cifras concretas de inversiones, planes de empleo, compromisos sociales, as\u00ed como de la pol\u00edtica de alianzas. No se puede estar demonizando a la derecha en los m\u00edtines y al d\u00eda siguiente de la investidura echarse en brazos de ella. Los electores no pueden votar a ciegas, como ocurre ahora. S\u00f3lo a los candidatos que hablen alto y claro se les podr\u00e1 tomar en serio.             <\/p>\n<!-- AddThis Advanced Settings generic via filter on the_content --><!-- AddThis Share Buttons generic via filter on the_content -->","protected":false},"excerpt":{"rendered":"<p>El Impuesto de Sucesiones y Donaciones centra el debate entre los partidos del centro-derecha y el PSOE. Foro y PP proponen eliminar el impuesto por considerarlo discriminatorio para los asturianos en relaci\u00f3n con tantos espa\u00f1oles de otras comunidades aut\u00f3nomas. El PSOE mantiene su vigencia pero introduce modificaciones que rebajan la cantidad a pagar en determinados [&hellip;]<!-- AddThis Advanced Settings generic via filter on get_the_excerpt --><!-- AddThis Share Buttons generic via filter on get_the_excerpt --><\/p>\n","protected":false},"author":2,"featured_media":0,"comment_status":"open","ping_status":"open","sticky":false,"template":"","format":"standard","meta":[],"categories":[4],"tags":[],"_links":{"self":[{"href":"https:\/\/blogs.elcomercio.es\/largo_de_cafe\/wp-json\/wp\/v2\/posts\/2897"}],"collection":[{"href":"https:\/\/blogs.elcomercio.es\/largo_de_cafe\/wp-json\/wp\/v2\/posts"}],"about":[{"href":"https:\/\/blogs.elcomercio.es\/largo_de_cafe\/wp-json\/wp\/v2\/types\/post"}],"author":[{"embeddable":true,"href":"https:\/\/blogs.elcomercio.es\/largo_de_cafe\/wp-json\/wp\/v2\/users\/2"}],"replies":[{"embeddable":true,"href":"https:\/\/blogs.elcomercio.es\/largo_de_cafe\/wp-json\/wp\/v2\/comments?post=2897"}],"version-history":[{"count":0,"href":"https:\/\/blogs.elcomercio.es\/largo_de_cafe\/wp-json\/wp\/v2\/posts\/2897\/revisions"}],"wp:attachment":[{"href":"https:\/\/blogs.elcomercio.es\/largo_de_cafe\/wp-json\/wp\/v2\/media?parent=2897"}],"wp:term":[{"taxonomy":"category","embeddable":true,"href":"https:\/\/blogs.elcomercio.es\/largo_de_cafe\/wp-json\/wp\/v2\/categories?post=2897"},{"taxonomy":"post_tag","embeddable":true,"href":"https:\/\/blogs.elcomercio.es\/largo_de_cafe\/wp-json\/wp\/v2\/tags?post=2897"}],"curies":[{"name":"wp","href":"https:\/\/api.w.org\/{rel}","templated":true}]}}