{"id":2900,"date":"2015-04-27T19:55:06","date_gmt":"2015-04-27T17:55:06","guid":{"rendered":"http:\/\/blogs.elcomercio.es\/largo_de_cafe\/?p=2900"},"modified":"2015-04-27T19:55:06","modified_gmt":"2015-04-27T17:55:06","slug":"el-derecho-al-exito","status":"publish","type":"post","link":"https:\/\/blogs.elcomercio.es\/largo_de_cafe\/2015\/04\/27\/el-derecho-al-exito\/","title":{"rendered":"EL DERECHO AL \u00c9XITO"},"content":{"rendered":"<p>Mariano Rajoy contempla c\u00f3mo se acerca la gran cita electoral de mayo, donde se pone a prueba el inmenso poder territorial acumulado por el PP hace cuatro a\u00f1os, con once presidentes auton\u00f3micos y miles de alcaldes, y los sondeos sobre intenci\u00f3n de voto se\u00f1alan una espectacular ca\u00edda en el apoyo a su partido. El presidente est\u00e1 convencido de que la suerte electoral depender\u00e1 de la evoluci\u00f3n de los indicadores econ\u00f3micos, pero los meses pasan, la mejora econ\u00f3mica -con muchos matices- es una realidad, y sin embargo las encuestas adelantan una victoria de la izquierda. Para colmo de males, en el \u00faltimo semestre, la opci\u00f3n de Ciudadanos ha subido como la espuma a costa de las expectativas del PP. La oposici\u00f3n ataca a Rajoy con argumentos pol\u00edticos y el presidente contesta con datos econ\u00f3micos. Una lucha de esgrima asim\u00e9trica que no est\u00e1 dando los resultados apetecidos por el presidente del Gobierno. <\/p>\n<p>En el transcurso de un mitin en Salamanca Rajoy incurri\u00f3 en hip\u00e9rbole (\u201clo hemos hecho como nadie lo ha hecho nunca\u201d). Una frase que se puede volver en contra del  PP, porque nadie hab\u00eda mentido sobre la pol\u00edtica fiscal como lo hizo el Gobierno de Rajoy, que predic\u00f3 los beneficios de las rebajas fiscales y cuando se puso a gobernar aplic\u00f3 una subida generalizada de impuestos. Rajoy ataca la propuesta de Ciudadanos sobre el IVA hiperreducido, pero \u00e9l elev\u00f3 tres puntos el IVA general. Cuando la EPA del primer trimestre de 2015 recoge que hay casi cinco millones y medio de parados en Espa\u00f1a, no se pude caer en la tentaci\u00f3n de la autoalabanza.<\/p>\n<p>Tras seis a\u00f1os de destrucci\u00f3n de empleo la tendencia ha cambiado, pero eso no autoriza a pronunciar discursos desbordantes de optimismo. No basta con decir que queda mucho trabajo, como hace habitualmente el presidente; hay dudas sobre la firmeza de la recuperaci\u00f3n de la econom\u00eda espa\u00f1ola, si no se introducen m\u00e1s reformas, y el presidente no avanza nada sobre ello, prefiere hacernos part\u00edcipes de la gran satisfacci\u00f3n que le embarga. La juventud, con el 51% de paro, no parece que tenga muchos motivos para estar contenta. En Salamanca, Rajoy les dijo a los j\u00f3venes que no pueden rendirse nunca y que no s\u00f3lo tienen derecho a equivocarse, sino que tambi\u00e9n tiene derecho al fracaso. Como ambos derechos (errar y fracasar) est\u00e1n ampliamente ejercidos, lo que hace falta es que el presidente les diga a los veintea\u00f1eros si van a tener la oportunidad de conocer el \u00e9xito.  <\/p>\n<!-- AddThis Advanced Settings generic via filter on the_content --><!-- AddThis Share Buttons generic via filter on the_content -->","protected":false},"excerpt":{"rendered":"<p>Mariano Rajoy contempla c\u00f3mo se acerca la gran cita electoral de mayo, donde se pone a prueba el inmenso poder territorial acumulado por el PP hace cuatro a\u00f1os, con once presidentes auton\u00f3micos y miles de alcaldes, y los sondeos sobre intenci\u00f3n de voto se\u00f1alan una espectacular ca\u00edda en el apoyo a su partido. El presidente [&hellip;]<!-- AddThis Advanced Settings generic via filter on get_the_excerpt --><!-- AddThis Share Buttons generic via filter on get_the_excerpt --><\/p>\n","protected":false},"author":2,"featured_media":0,"comment_status":"open","ping_status":"open","sticky":false,"template":"","format":"standard","meta":[],"categories":[4],"tags":[],"_links":{"self":[{"href":"https:\/\/blogs.elcomercio.es\/largo_de_cafe\/wp-json\/wp\/v2\/posts\/2900"}],"collection":[{"href":"https:\/\/blogs.elcomercio.es\/largo_de_cafe\/wp-json\/wp\/v2\/posts"}],"about":[{"href":"https:\/\/blogs.elcomercio.es\/largo_de_cafe\/wp-json\/wp\/v2\/types\/post"}],"author":[{"embeddable":true,"href":"https:\/\/blogs.elcomercio.es\/largo_de_cafe\/wp-json\/wp\/v2\/users\/2"}],"replies":[{"embeddable":true,"href":"https:\/\/blogs.elcomercio.es\/largo_de_cafe\/wp-json\/wp\/v2\/comments?post=2900"}],"version-history":[{"count":0,"href":"https:\/\/blogs.elcomercio.es\/largo_de_cafe\/wp-json\/wp\/v2\/posts\/2900\/revisions"}],"wp:attachment":[{"href":"https:\/\/blogs.elcomercio.es\/largo_de_cafe\/wp-json\/wp\/v2\/media?parent=2900"}],"wp:term":[{"taxonomy":"category","embeddable":true,"href":"https:\/\/blogs.elcomercio.es\/largo_de_cafe\/wp-json\/wp\/v2\/categories?post=2900"},{"taxonomy":"post_tag","embeddable":true,"href":"https:\/\/blogs.elcomercio.es\/largo_de_cafe\/wp-json\/wp\/v2\/tags?post=2900"}],"curies":[{"name":"wp","href":"https:\/\/api.w.org\/{rel}","templated":true}]}}