{"id":2903,"date":"2015-04-30T17:21:00","date_gmt":"2015-04-30T15:21:00","guid":{"rendered":"http:\/\/blogs.elcomercio.es\/largo_de_cafe\/?p=2903"},"modified":"2015-04-30T17:21:00","modified_gmt":"2015-04-30T15:21:00","slug":"la-catedral-del-soma","status":"publish","type":"post","link":"https:\/\/blogs.elcomercio.es\/largo_de_cafe\/2015\/04\/30\/la-catedral-del-soma\/","title":{"rendered":"LA CATEDRAL DEL SOMA"},"content":{"rendered":"<p>Los dirigentes de Podemos disparan con artiller\u00eda pesada contra la gesti\u00f3n socialista, acusando a Javier Fern\u00e1ndez de sacar a concesi\u00f3n 140 plazas geri\u00e1tricas que est\u00e1n dise\u00f1adas para que la adjudicaci\u00f3n corresponda al macrogeri\u00e1trico de Felechosa, propiedad del Montep\u00edo de la Miner\u00eda. Daniel Ripa, secretario general del partido de Pablo Iglesias, dice que los requisitos contenidos en los pliegos del concurso s\u00f3lo los cumple el equipamiento de Felechosa. Ripa habla de obra fara\u00f3nica -su coste fue de 30 millones de euros-, con una oferta de 300 plazas de las que el 80% est\u00e1n vac\u00edas. Seg\u00fan Podemos, con esta maniobra el Gobierno de Javier Fern\u00e1ndez pretende reflotar un negocio ruinoso, cuando en el mismo concejo hay residencias p\u00fablicas con la mitad de las plazas vacantes. Por su parte, los candidatos de Podemos en Aller denunciaron el trueque propuesto por los promotores del macrogeri\u00e1trico, al ofrecer puestos de trabajo a cambio de la cesi\u00f3n de fincas. <\/p>\n<p>No es usual que en v\u00edsperas electorales una formaci\u00f3n pol\u00edtica haga denuncias de este tenor al Gobierno. En Asturias, lo normal es que los partidos recurran a descalificaciones gen\u00e9ricas, pero rehuyendo nombrar asuntos concretos y conflictivos. La cuesti\u00f3n de los servicios para la tercera edad merece ser debatida en la campa\u00f1a electoral. El sector privado est\u00e1 sobredimensionado, porque la crisis econ\u00f3mica hundi\u00f3 la demanda y hay muchos geri\u00e1tricos dispuestos a concertar plazas con la Administraci\u00f3n, pero el Gobierno socialista prefiere seguir construyendo residencias p\u00fablicas, con lo que se opta por una  v\u00eda m\u00e1s costosa que, adem\u00e1s, va a colaborar a enviar al paro a muchos trabajadores del sector privado. Una gesti\u00f3n maniquea, soportada por nuestros impuestos, que alcanza el c\u00e9nit de la aberraci\u00f3n en el equipamiento de Felechosa, tremendamente costoso, financiado con dinero p\u00fablico (fondos mineros) y gestionado por manos privadas. El colmo de los colmos es que el Principado d\u00e9 prioridad a la \u201ccatedral\u201d de las organizaciones mineras sobre las necesidades de un sector profesional que sufre las discriminaciones de un gobierno que toma decisiones desde sus prejuicios ideol\u00f3gicos. La denuncia de Daniel Ripa exige una respuesta clara del Gobierno y del Partido Socialista, porque los debates electorales no pueden ser un cruce de declaraciones anecd\u00f3ticas sobre asuntos irrelevantes. Menos ruido y m\u00e1s sustancia.   <\/p>\n<!-- AddThis Advanced Settings generic via filter on the_content --><!-- AddThis Share Buttons generic via filter on the_content -->","protected":false},"excerpt":{"rendered":"<p>Los dirigentes de Podemos disparan con artiller\u00eda pesada contra la gesti\u00f3n socialista, acusando a Javier Fern\u00e1ndez de sacar a concesi\u00f3n 140 plazas geri\u00e1tricas que est\u00e1n dise\u00f1adas para que la adjudicaci\u00f3n corresponda al macrogeri\u00e1trico de Felechosa, propiedad del Montep\u00edo de la Miner\u00eda. Daniel Ripa, secretario general del partido de Pablo Iglesias, dice que los requisitos contenidos [&hellip;]<!-- AddThis Advanced Settings generic via filter on get_the_excerpt --><!-- AddThis Share Buttons generic via filter on get_the_excerpt --><\/p>\n","protected":false},"author":2,"featured_media":0,"comment_status":"open","ping_status":"open","sticky":false,"template":"","format":"standard","meta":[],"categories":[4],"tags":[],"_links":{"self":[{"href":"https:\/\/blogs.elcomercio.es\/largo_de_cafe\/wp-json\/wp\/v2\/posts\/2903"}],"collection":[{"href":"https:\/\/blogs.elcomercio.es\/largo_de_cafe\/wp-json\/wp\/v2\/posts"}],"about":[{"href":"https:\/\/blogs.elcomercio.es\/largo_de_cafe\/wp-json\/wp\/v2\/types\/post"}],"author":[{"embeddable":true,"href":"https:\/\/blogs.elcomercio.es\/largo_de_cafe\/wp-json\/wp\/v2\/users\/2"}],"replies":[{"embeddable":true,"href":"https:\/\/blogs.elcomercio.es\/largo_de_cafe\/wp-json\/wp\/v2\/comments?post=2903"}],"version-history":[{"count":0,"href":"https:\/\/blogs.elcomercio.es\/largo_de_cafe\/wp-json\/wp\/v2\/posts\/2903\/revisions"}],"wp:attachment":[{"href":"https:\/\/blogs.elcomercio.es\/largo_de_cafe\/wp-json\/wp\/v2\/media?parent=2903"}],"wp:term":[{"taxonomy":"category","embeddable":true,"href":"https:\/\/blogs.elcomercio.es\/largo_de_cafe\/wp-json\/wp\/v2\/categories?post=2903"},{"taxonomy":"post_tag","embeddable":true,"href":"https:\/\/blogs.elcomercio.es\/largo_de_cafe\/wp-json\/wp\/v2\/tags?post=2903"}],"curies":[{"name":"wp","href":"https:\/\/api.w.org\/{rel}","templated":true}]}}