{"id":2907,"date":"2015-05-04T20:39:40","date_gmt":"2015-05-04T18:39:40","guid":{"rendered":"http:\/\/blogs.elcomercio.es\/largo_de_cafe\/?p=2907"},"modified":"2015-05-04T20:39:40","modified_gmt":"2015-05-04T18:39:40","slug":"parejas-para-el-baile","status":"publish","type":"post","link":"https:\/\/blogs.elcomercio.es\/largo_de_cafe\/2015\/05\/04\/parejas-para-el-baile\/","title":{"rendered":"PAREJAS PARA EL BAILE"},"content":{"rendered":"<p>Ante un escenario postelectoral sin mayor\u00edas absolutas, la pol\u00edtica de los pactos es inevitable. Es probable que sea necesario concertar la voluntad de tres grupos parlamentarios para poder gobernar, pero en cualquier caso la presi\u00f3n sobre las fuerzas ascendentes (Podemos y Ciudadanos) parece inevitable, bien sea para recabar su apoyo expl\u00edcito o para asegurar su abstenci\u00f3n. En este punto es preciso volver a insistir que en Asturias, dada la particular y an\u00f3mala regulaci\u00f3n de la sesi\u00f3n de investidura \u2013la ley no contempla la posibilidad de que los diputados rechacen el programa de gobierno que presente el candidato a presidente- no es necesario en la segunda votaci\u00f3n contar con un determinado n\u00famero de esca\u00f1os a favor \u2013en la primera se exige la mayor\u00eda absoluta-, basta con el respaldo de un solo diputado. Sin embargo, para asegurar la gobernabilidad a lo largo del mandato s\u00ed es preciso enhebrar una mayor\u00eda absoluta. <\/p>\n<p>Podemos y Ciudadanos no se muestran reacios a los pactos, al contrario, apenas ponen l\u00edmites te\u00f3ricos al acuerdo. Los dirigentes de Podemos, copiando la terminolog\u00eda del Partido Socialista, hablan de \u201cl\u00edneas rojas\u201d, y cuando se les pide especificar, entre las l\u00edneas rojas s\u00f3lo est\u00e1n el PP y Foro. Ciudadanos a\u00fan es m\u00e1s flexible, ya que acogi\u00e9ndose al car\u00e1cter transversal de la fuerza pol\u00edtica est\u00e1n dispuestos a pactar a derecha e izquierda, porque tanto les vale el credo socialdem\u00f3crata como el liberal. Aunque unos provengan del activismo social y los otros de una clase media m\u00e1s o menos ilustrada, es evidente su inexperiencia pol\u00edtica. No son conscientes de hasta qu\u00e9 punto son fuerzas sin consolidar, que ahora tienen las encuestas a favor y ma\u00f1ana pueden tener los votos en contra. La verdadera inc\u00f3gnita no reside en su techo electoral sino en su suelo.<\/p>\n<p>Digo todo esto porque la cuesti\u00f3n de los pactos en Espa\u00f1a y en Asturias es muy delicada. El \u00faltimo ejemplo del da\u00f1o que causa un pacto en contra del propio electorado es el de UPyD con los socialistas en la Junta General del Principado. Antes de que estallara la crisis del partido y de que Rosa D\u00edez gritara, \u201ca m\u00ed, los marines\u201d, las expectativas de UPyD eran marginales. En las encuestas que barajaba el Partido Socialista, en el mes de enero, se quedaban con un pie fuera del Parlamento. Lo que ocurra en Andaluc\u00eda puede ser muy revelador para conocer las alianzas que van a cristalizar en Asturias despu\u00e9s del 24-M.   <\/p>\n<!-- AddThis Advanced Settings generic via filter on the_content --><!-- AddThis Share Buttons generic via filter on the_content -->","protected":false},"excerpt":{"rendered":"<p>Ante un escenario postelectoral sin mayor\u00edas absolutas, la pol\u00edtica de los pactos es inevitable. Es probable que sea necesario concertar la voluntad de tres grupos parlamentarios para poder gobernar, pero en cualquier caso la presi\u00f3n sobre las fuerzas ascendentes (Podemos y Ciudadanos) parece inevitable, bien sea para recabar su apoyo expl\u00edcito o para asegurar su [&hellip;]<!-- AddThis Advanced Settings generic via filter on get_the_excerpt --><!-- AddThis Share Buttons generic via filter on get_the_excerpt --><\/p>\n","protected":false},"author":2,"featured_media":0,"comment_status":"open","ping_status":"open","sticky":false,"template":"","format":"standard","meta":[],"categories":[4],"tags":[],"_links":{"self":[{"href":"https:\/\/blogs.elcomercio.es\/largo_de_cafe\/wp-json\/wp\/v2\/posts\/2907"}],"collection":[{"href":"https:\/\/blogs.elcomercio.es\/largo_de_cafe\/wp-json\/wp\/v2\/posts"}],"about":[{"href":"https:\/\/blogs.elcomercio.es\/largo_de_cafe\/wp-json\/wp\/v2\/types\/post"}],"author":[{"embeddable":true,"href":"https:\/\/blogs.elcomercio.es\/largo_de_cafe\/wp-json\/wp\/v2\/users\/2"}],"replies":[{"embeddable":true,"href":"https:\/\/blogs.elcomercio.es\/largo_de_cafe\/wp-json\/wp\/v2\/comments?post=2907"}],"version-history":[{"count":0,"href":"https:\/\/blogs.elcomercio.es\/largo_de_cafe\/wp-json\/wp\/v2\/posts\/2907\/revisions"}],"wp:attachment":[{"href":"https:\/\/blogs.elcomercio.es\/largo_de_cafe\/wp-json\/wp\/v2\/media?parent=2907"}],"wp:term":[{"taxonomy":"category","embeddable":true,"href":"https:\/\/blogs.elcomercio.es\/largo_de_cafe\/wp-json\/wp\/v2\/categories?post=2907"},{"taxonomy":"post_tag","embeddable":true,"href":"https:\/\/blogs.elcomercio.es\/largo_de_cafe\/wp-json\/wp\/v2\/tags?post=2907"}],"curies":[{"name":"wp","href":"https:\/\/api.w.org\/{rel}","templated":true}]}}